{"id":165859,"date":"2025-11-26T13:42:14","date_gmt":"2025-11-26T13:42:14","guid":{"rendered":"https:\/\/www.europesays.com\/pt\/165859\/"},"modified":"2025-11-26T13:42:14","modified_gmt":"2025-11-26T13:42:14","slug":"rapper-d4vd-decapitou-desmembrou-e-manteve-o-cadaver-da-ex-congelado-por-meses-diz-site","status":"publish","type":"post","link":"https:\/\/www.europesays.com\/pt\/165859\/","title":{"rendered":"Rapper D4vd decapitou, desmembrou e manteve o cad\u00e1ver da ex congelado por meses, diz site"},"content":{"rendered":"<p data-component-name=\"paragraph\" class=\"styles__ParagraphStyled-sc-6adecn-0 gsLklW  \">Fontes ligadas ao Instituto M\u00e9dico Legal do Condado de Los Angeles relataram mais detalhes sobre a morte de Celeste Rivas Hernandez, adolescente cujo corpo foi encontrado em decomposi\u00e7\u00e3o no porta-malas do carro do cantor <a href=\"https:\/\/www.estadao.com.br\/tudo-sobre\/d4vd-cantor\/?srsltid=AfmBOooTyYPvboIiDSM7qESamy6wbY0EuiDrXTVC5vnL5et4Ik5CwC2t\" target=\"_blank\" rel=\"noreferrer nofollow noopener\" title=\"https:\/\/www.estadao.com.br\/tudo-sobre\/d4vd-cantor\/?srsltid=AfmBOooTyYPvboIiDSM7qESamy6wbY0EuiDrXTVC5vnL5et4Ik5CwC2t\"><strong>D4vd<\/strong><\/a> em setembro. Segundo o TMZ, a causa da morte da adolescente n\u00e3o p\u00f4de ser constatada pois o corpo, que foi encontrado desmembrado, teria sido congelado antes de ser colocado no ve\u00edculo.<\/p>\n<p><img  loading=\"lazy\" class=\"lazy-load-img\"\/><\/p>\n<p>TMZ revela detalhes de morte de Celeste Rivas, adolescente encontrada no porta-malas do carro de cantor D4vd\u00a0Foto:  @d4vddd via Instagram\/Divulga\u00e7\u00e3o<\/p>\n<p>O site americano tamb\u00e9m relatou que o cantor \u00e9 o principal suspeito na morte de Celeste, que foi apontada como sua ex-namorada, al\u00e9m de um outro suspeito n\u00e3o identificado que ajudou no esquartejamento. Inicialmente, legistas explicaram que o estado de decomposi\u00e7\u00e3o do corpo estava muito avan\u00e7ado, o que impediu o reconhecimento da identidade da garota.<\/p>\n<p>A linha do tempo segundo as fontes ligadas ao portal indica que, ap\u00f3s a morte de Celeste, seu corpo foi desmembrado e congelado em um freezer \u201cpor um longo per\u00edodo\u201d, o que dificulta exames legistas que possam determinar tanto a causa quanto o tempo de morte. <\/p>\n<p data-component-name=\"paragraph\" class=\"styles__ParagraphStyled-sc-6adecn-0 gsLklW  \">Ainda congelado, o corpo foi colocado no porta-malas do carro, que foi apreendido em um p\u00e1tio de reboque. A descoberta ocorreu depois de relatos de um \u201codor desagrad\u00e1vel\u201d vindo do ve\u00edculo.<\/p>\n<p data-component-name=\"paragraph\" class=\"styles__ParagraphStyled-sc-6adecn-0 gsLklW  \">Ap\u00f3s a veicula\u00e7\u00e3o de not\u00edcias referentes ao estado do corpo, a pol\u00edcia de Los Angeles impediu o gabinete do legista de divulgar outros detalhes sobre a morte de Celeste. <\/p>\n<p data-component-name=\"paragraph\" class=\"styles__ParagraphStyled-sc-6adecn-0 gsLklW  \">O gabinete do corpo legista recebeu \u201cuma ordem judicial, emitida pelo Departamento de Pol\u00edcia de Los Angeles (LAPD), para manter o caso de Rivas Hernandez em sigilo por quest\u00f5es de seguran\u00e7a\u201d, diz a AP. \u201cNenhum registro ou detalhe relacionado ao caso, incluindo a causa e a forma da morte e o laudo do m\u00e9dico legista ser\u00e1 divulgado ou publicado no site at\u00e9 segunda ordem\u201d, explica o comunicado.<\/p>\n<p>A descoberta do corpo<\/p>\n<p data-component-name=\"paragraph\" class=\"styles__ParagraphStyled-sc-6adecn-0 gsLklW  \">No dia 8 de setembro, o Departamento de Pol\u00edcia de <strong>Los Angeles<\/strong> atendeu um chamado sobre um \u201codor desagrad\u00e1vel\u201d vindo de um ve\u00edculo apreendido em um p\u00e1tio de reboque. No porta-malas do carro estava o corpo de Celeste Rivas, uma garota de 15 anos.<\/p>\n<p data-component-name=\"paragraph\" class=\"styles__ParagraphStyled-sc-6adecn-0 gsLklW  \">O ve\u00edculo, um modelo da marca Tesla, est\u00e1 registrado no nome de <a href=\"https:\/\/www.estadao.com.br\/emais\/gente\/quem-e-d4vd-atracao-do-lollapalooza-cujo-carro-foi-encontrado-um-corpo-nprec\/\" target=\"_blank\" rel=\"nofollow noopener\" title=\"https:\/\/www.estadao.com.br\/emais\/gente\/quem-e-d4vd-atracao-do-lollapalooza-cujo-carro-foi-encontrado-um-corpo-nprec\/\"><strong>David Anthony Burke<\/strong><\/a>, a identidade verdadeira de D4vd. Segundo a emissora norte-americana ABC, o ve\u00edculo estava no local h\u00e1 alguns dias e o corpo foi deixado no porta-malas dianteiro. A pol\u00edcia revelou que o carro n\u00e3o estava registrado como roubado.<\/p>\n<p data-component-name=\"paragraph\" class=\"styles__ParagraphStyled-sc-6adecn-0 gsLklW  \">D4vd nega qualquer envolvimento com a morte de Celeste. Algumas evid\u00eancias, no entanto, mostram que o cantor e a jovem provavelmente se conheciam e mantinham algum tipo de relacionamento amoroso.<\/p>\n<p data-component-name=\"paragraph\" class=\"styles__ParagraphStyled-sc-6adecn-0 gsLklW  \">O cantor seria atra\u00e7\u00e3o do <a href=\"https:\/\/www.estadao.com.br\/tudo-sobre\/lollapalooza\/?srsltid=AfmBOorPkOU9m1rt0qV9ejvwKW1QJwY26-r-crJbXsYXWZQ3LfWD-NTj\" target=\"_blank\" rel=\"nofollow noopener\" title=\"https:\/\/www.estadao.com.br\/tudo-sobre\/lollapalooza\/?srsltid=AfmBOorPkOU9m1rt0qV9ejvwKW1QJwY26-r-crJbXsYXWZQ3LfWD-NTj\"><strong>Lollapalooza Brasil 2026<\/strong><\/a>, mas teve o show cancelado.<\/p>\n<p>Coincid\u00eancias com nome e tatuagem<\/p>\n<p data-component-name=\"paragraph\" class=\"styles__ParagraphStyled-sc-6adecn-0 gsLklW  \">Ap\u00f3s a pol\u00edcia identificar o corpo de Celeste em setembro, a m\u00e3e da garota foi entrevistada pelo TMZ e revelou algumas informa\u00e7\u00f5es possivelmente relevantes para o caso.<\/p>\n<p data-component-name=\"paragraph\" class=\"styles__ParagraphStyled-sc-6adecn-0 gsLklW  \">Segundo ela, o artista e a v\u00edtima t\u00eam uma tatuagem id\u00eantica no dedo indicador direito \u2014 um \u201cShhh&#8230;\u201d escrito em letra cursiva. Apesar das suspeitas, a inscri\u00e7\u00e3o \u00e9 relativamente comum, com famosos como Rihanna, Lily Allen e Lindsay Lohan tendo tatuagens similares em seus dedos.<\/p>\n<p data-component-name=\"paragraph\" class=\"styles__ParagraphStyled-sc-6adecn-0 gsLklW  \">A outra informa\u00e7\u00e3o, no entanto, parece ser mais comprometedora. A mulher afirmou que sua filha estava desaparecida h\u00e1 mais de um ano e que tinha um namorado chamado David, o que gerou suspeitas na m\u00e3e.<\/p>\n<p data-component-name=\"paragraph\" class=\"styles__ParagraphStyled-sc-6adecn-0 gsLklW  \">Na internet, uma can\u00e7\u00e3o vazada de <strong>D4vd em 2023 <\/strong>foi recuperada por usu\u00e1rios da plataforma SoundCloud e postada no site na mesma semana. Na m\u00fasica, D4vd canta sobre estar apaixonado por uma garota chamada Celeste. O t\u00edtulo do arquivo vazado da can\u00e7\u00e3o, inclusive, era \u201cCeleste_Demo unfin\u201d.<\/p>\n<p data-component-name=\"paragraph\" class=\"styles__ParagraphStyled-sc-6adecn-0 gsLklW  \">\u201cOh, Celeste \/ The girl with my name tattooed on her chest \/ Smell her on my clothes like cigarettes \/ I hear her voice each time I take a breath \/ I\u2019m obsessed\u201d, canta o rapper. Em portugu\u00eas, a can\u00e7\u00e3o ficaria assim: \u201cOh, Celeste \/ A garota com meu nome tatuado no peito \/ Sinto o cheiro dela nas minhas roupas, como cigarro \/ Ou\u00e7o a voz dela toda vez que respiro \/ Estou obcecado\u201d.<\/p>\n<p data-component-name=\"paragraph\" class=\"styles__ParagraphStyled-sc-6adecn-0 gsLklW  \">Conhecido por suas m\u00fasicas virais Here with Me e Romantic Homicide, D4vd \u00e9 um rapper norte-americano de 20 anos. O artista chegou a abrir os shows da turn\u00ea SOS, de SZA, no Hemisf\u00e9rio Norte e tem uma faixa conhecida com Kali Uchis, Crashing, lan\u00e7ada este ano.<\/p>\n","protected":false},"excerpt":{"rendered":"Fontes ligadas ao Instituto M\u00e9dico Legal do Condado de Los Angeles relataram mais detalhes sobre a morte de&hellip;\n","protected":false},"author":2,"featured_media":165860,"comment_status":"","ping_status":"","sticky":false,"template":"","format":"standard","meta":{"footnotes":""},"categories":[141],"tags":[15156,114,115,149,150,32,33,32636],"class_list":{"0":"post-165859","1":"post","2":"type-post","3":"status-publish","4":"format-standard","5":"has-post-thumbnail","7":"category-musica","8":"tag-bastidor","9":"tag-entertainment","10":"tag-entretenimento","11":"tag-music","12":"tag-musica","13":"tag-portugal","14":"tag-pt","15":"tag-retrato"},"share_on_mastodon":{"url":"https:\/\/pubeurope.com\/@pt\/115616294233569860","error":""},"_links":{"self":[{"href":"https:\/\/www.europesays.com\/pt\/wp-json\/wp\/v2\/posts\/165859","targetHints":{"allow":["GET"]}}],"collection":[{"href":"https:\/\/www.europesays.com\/pt\/wp-json\/wp\/v2\/posts"}],"about":[{"href":"https:\/\/www.europesays.com\/pt\/wp-json\/wp\/v2\/types\/post"}],"author":[{"embeddable":true,"href":"https:\/\/www.europesays.com\/pt\/wp-json\/wp\/v2\/users\/2"}],"replies":[{"embeddable":true,"href":"https:\/\/www.europesays.com\/pt\/wp-json\/wp\/v2\/comments?post=165859"}],"version-history":[{"count":0,"href":"https:\/\/www.europesays.com\/pt\/wp-json\/wp\/v2\/posts\/165859\/revisions"}],"wp:featuredmedia":[{"embeddable":true,"href":"https:\/\/www.europesays.com\/pt\/wp-json\/wp\/v2\/media\/165860"}],"wp:attachment":[{"href":"https:\/\/www.europesays.com\/pt\/wp-json\/wp\/v2\/media?parent=165859"}],"wp:term":[{"taxonomy":"category","embeddable":true,"href":"https:\/\/www.europesays.com\/pt\/wp-json\/wp\/v2\/categories?post=165859"},{"taxonomy":"post_tag","embeddable":true,"href":"https:\/\/www.europesays.com\/pt\/wp-json\/wp\/v2\/tags?post=165859"}],"curies":[{"name":"wp","href":"https:\/\/api.w.org\/{rel}","templated":true}]}}