{"id":165863,"date":"2025-11-26T13:44:09","date_gmt":"2025-11-26T13:44:09","guid":{"rendered":"https:\/\/www.europesays.com\/pt\/165863\/"},"modified":"2025-11-26T13:44:09","modified_gmt":"2025-11-26T13:44:09","slug":"brasil-derrota-do-palmeiras-deixa-flamengo-as-portas-do-titulo","status":"publish","type":"post","link":"https:\/\/www.europesays.com\/pt\/165863\/","title":{"rendered":"Brasil: derrota do Palmeiras deixa Flamengo \u00e0s portas do t\u00edtulo"},"content":{"rendered":"<p style=\"margin-bottom:11px\"><a href=\"https:\/\/maisfutebol.iol.pt\/made-in\/brasil\/abel-atira-a-tolha-ao-chao-o-campeonato-esta-entregue\" target=\"_blank\" rel=\"nofollow noopener\">Depois de ter dado o campeonato por entregue<\/a>, na sequ\u00eancia do empate com o Fluminense (0-0), Abel Ferreira viu o Palmeiras fazer ainda pior na casa do Gr\u00e9mio, onde perdeu por 3-2, no arranque da 36.\u00aa jornada do Brasileir\u00e3o. O primeiro lugar est\u00e1, agora, a cinco pontos de dist\u00e2ncia, depois de o Flamengo ter salvado um ponto frente ao Atl\u00e9tico Mineiro (1-1) na compensa\u00e7\u00e3o.<\/p>\n<p>Com uma equipa alternativa, j\u00e1 a pensar na final da Libertadores agendada para s\u00e1bado, o Palmeiras at\u00e9 marcou primeiro, por Facundo Torres (34 minutos), mas viu o Gr\u00e9mio dar a volta ao resultado por Francis Amuzu, o ex-Benfica Carlos Vin\u00edcius e Willian, os dois \u00faltimos na convers\u00e3o de pen\u00e1ltis. Aos 90+3 minutos, Benedetti reduziu para o Verd\u00e3o, que terminou o jogo reduzido a dez pela expuls\u00e3o de Giay, aos 84 minutos.<\/p>\n<p>Com apenas duas jornadas por disputar no Brasileir\u00e3o, a equipa orientada por Abel Ferreira fica agora a cinco pontos do l\u00edder Flamengo, que sofreu para empatar no est\u00e1dio do Atl\u00e9tico Mineiro (1-1).<\/p>\n<p>Bernard, aos 34 minutos, deu vantagem ao Galo, que se manteve at\u00e9 ao minuto 90+2, quando Bruno Henrique rep\u00f4s a igualdade.<\/p>\n<p>Palmeiras e Flamengo defrontam-se, no s\u00e1bado (21h00), para a final da Libertadores, que se disputar\u00e1 em Lima, capital do Peru.<\/p>\n","protected":false},"excerpt":{"rendered":"Depois de ter dado o campeonato por entregue, na sequ\u00eancia do empate com o Fluminense (0-0), Abel Ferreira&hellip;\n","protected":false},"author":2,"featured_media":147065,"comment_status":"","ping_status":"","sticky":false,"template":"","format":"standard","meta":{"footnotes":""},"categories":[87],"tags":[3506,727,726,1620,135,2460,524,13995,82,1356,46,1621,32,33,47,4219,5920,134],"class_list":{"0":"post-165863","1":"post","2":"type-post","3":"status-publish","4":"format-standard","5":"has-post-thumbnail","7":"category-desporto","8":"tag-abel-ferreira","9":"tag-atletico-mineiro","10":"tag-brasil","11":"tag-brasileirao","12":"tag-desporto","13":"tag-flamengo","14":"tag-futebol","15":"tag-gremio","16":"tag-internacional","17":"tag-mais-futebol","18":"tag-maisfutebol","19":"tag-palmeiras","20":"tag-portugal","21":"tag-pt","22":"tag-pura-paixao","23":"tag-resultado-final","24":"tag-resultados-maisfutebol","25":"tag-sports"},"share_on_mastodon":{"url":"https:\/\/pubeurope.com\/@pt\/115616301936973101","error":""},"_links":{"self":[{"href":"https:\/\/www.europesays.com\/pt\/wp-json\/wp\/v2\/posts\/165863","targetHints":{"allow":["GET"]}}],"collection":[{"href":"https:\/\/www.europesays.com\/pt\/wp-json\/wp\/v2\/posts"}],"about":[{"href":"https:\/\/www.europesays.com\/pt\/wp-json\/wp\/v2\/types\/post"}],"author":[{"embeddable":true,"href":"https:\/\/www.europesays.com\/pt\/wp-json\/wp\/v2\/users\/2"}],"replies":[{"embeddable":true,"href":"https:\/\/www.europesays.com\/pt\/wp-json\/wp\/v2\/comments?post=165863"}],"version-history":[{"count":0,"href":"https:\/\/www.europesays.com\/pt\/wp-json\/wp\/v2\/posts\/165863\/revisions"}],"wp:featuredmedia":[{"embeddable":true,"href":"https:\/\/www.europesays.com\/pt\/wp-json\/wp\/v2\/media\/147065"}],"wp:attachment":[{"href":"https:\/\/www.europesays.com\/pt\/wp-json\/wp\/v2\/media?parent=165863"}],"wp:term":[{"taxonomy":"category","embeddable":true,"href":"https:\/\/www.europesays.com\/pt\/wp-json\/wp\/v2\/categories?post=165863"},{"taxonomy":"post_tag","embeddable":true,"href":"https:\/\/www.europesays.com\/pt\/wp-json\/wp\/v2\/tags?post=165863"}],"curies":[{"name":"wp","href":"https:\/\/api.w.org\/{rel}","templated":true}]}}