{"id":165868,"date":"2025-11-26T13:53:09","date_gmt":"2025-11-26T13:53:09","guid":{"rendered":"https:\/\/www.europesays.com\/pt\/165868\/"},"modified":"2025-11-26T13:53:09","modified_gmt":"2025-11-26T13:53:09","slug":"entenda-pouso-de-lado-realizado-por-aviao-de-luciano-hang","status":"publish","type":"post","link":"https:\/\/www.europesays.com\/pt\/165868\/","title":{"rendered":"Entenda &#8216;pouso de lado&#8217; realizado por avi\u00e3o de Luciano Hang"},"content":{"rendered":"<p><img decoding=\"async\" fetchpriority=\"high\" src=\"https:\/\/www.europesays.com\/pt\/wp-content\/uploads\/2025\/11\/aoe3pvuzhtzeaoigw0fjytep4.jpg\" width=\"906\" height=\"509\" alt=\"Avi\u00e3o realiza pouso de lado em Santa Catarina\" title=\"Avi\u00e3o realiza pouso de lado em Santa Catarina\"\/>Instagram<\/p>\n<p>Avi\u00e3o realiza pouso de lado em Santa Catarina<\/p>\n<p class=\"\">O empres\u00e1rio <strong>Luciano Hang\u00a0<\/strong>compartilhou nesta ter\u00e7a-feira (25), em suas redes sociais um v\u00eddeo\u00a0que mostra seu avi\u00e3o realizando pouso \u201cde lado\u201d \u00a0por causa dos\u00a0ventos que atingiram <strong>Santa Catarina<\/strong>.<\/p>\n<p class=\"\">De acordo com o post de Hang, o voo saiu de Novo Hamburgo, no <strong>Rio Grande do Sul<\/strong>, e enfrentou ventos que atingiram 60 km\/h em Santa Catarina ao pousar.<\/p>\n<p class=\"\">A manobra utilizada nessa situa\u00e7\u00e3o \u00e9 conhecida como <strong>pouso com vento de trav\u00e9s<\/strong>.\u00a0Em entrevista para o <strong>Portal iG<\/strong>, o <strong\/> engenheiro aeron\u00e1utico Shailon Ian explica que essa manobra \u00e9 a recomendada pelo manual da aeronave quando o vento, al\u00e9m de forte,\u00a0pega\u00a0a lateral do avi\u00e3o no momento do pouso.\u00a0<\/p>\n<p>Em caso de avi\u00f5es a jato, uma das t\u00e9cnicas mais utilizadas \u00e9 a aproxima\u00e7\u00e3o coordenada utilizando leme e aileron (controla a inclina\u00e7\u00e3o lateral da aeronave), especialmente em condi\u00e7\u00f5es de vento intenso ou durante pousos em pistas curtas. De acordo com Shailon Ian, cada avi\u00e3o possui seu limite em casos de ventos fortes e\u00a0essas informa\u00e7\u00f5es est\u00e3o presentes no manual do avi\u00e3o.\u00a0<\/p>\n<p>Essa t\u00e9cnica permite que a aeronave se aproxime da pista com uma raz\u00e3o de descida e velocidades que podem estar acima dos par\u00e2metros ideais de uma aproxima\u00e7\u00e3o estabilizada, sem comprometer a seguran\u00e7a do pouso. Al\u00e9m disso, ajuda a evitar a colis\u00e3o da ponta da asa ou do motor com o solo durante o arredondamento final para o toque.<\/p>\n<p>Essa abordagem \u00e9 particularmente \u00fatil para aeronaves leves e de asas altas. Nelas, o piloto utiliza o leme para alinhar o nariz da aeronave com a pista e os aileron para corrigir a deriva lateral causada pelo vento. O resultado \u00e9 uma aproxima\u00e7\u00e3o mais controlada e firme.<\/p>\n<p>Previs\u00e3o do tempo<\/p>\n<p class=\"\">O Instituto Nacional de Meteorologia (Inmet) divulgou um <strong>alerta de risco elevado de chuvas intensas, ventos fortes e possibilidade de granizo<\/strong> para os estados de <strong>Santa Catarina, Paran\u00e1, S\u00e3o Paulo e Rio de Janeiro<\/strong> nesta ter\u00e7a-feira (25). Os quatro estados est\u00e3o em alerta vermelho, sinalizando grande perigo de tempestades.<\/p>\n<p>As condi\u00e7\u00f5es ser\u00e3o mais graves nas \u00e1reas pr\u00f3ximas ao litoral, onde a chuva pode chegar a <strong>100 mm<\/strong> e os ventos podem <strong>ultrapassar 100 km\/h.<\/strong> O \u00f3rg\u00e3o alerta que isso aumenta o risco de danos a casas e pr\u00e9dios, falta de energia el\u00e9trica, estragos em planta\u00e7\u00f5es, queda de \u00e1rvores, alagamentos e problemas no transporte pelas estradas.<\/p>\n","protected":false},"excerpt":{"rendered":"Instagram Avi\u00e3o realiza pouso de lado em Santa Catarina O empres\u00e1rio Luciano Hang\u00a0compartilhou nesta ter\u00e7a-feira (25), em suas&hellip;\n","protected":false},"author":2,"featured_media":165869,"comment_status":"","ping_status":"","sticky":false,"template":"","format":"standard","meta":{"footnotes":""},"categories":[145],"tags":[324,211,210,114,115,32,33,3801],"class_list":{"0":"post-165868","1":"post","2":"type-post","3":"status-publish","4":"format-standard","5":"has-post-thumbnail","7":"category-celebridades","8":"tag-aviao","9":"tag-celebridades","10":"tag-celebrities","11":"tag-entertainment","12":"tag-entretenimento","13":"tag-portugal","14":"tag-pt","15":"tag-santa-catarina"},"share_on_mastodon":{"url":"https:\/\/pubeurope.com\/@pt\/115616337660510533","error":""},"_links":{"self":[{"href":"https:\/\/www.europesays.com\/pt\/wp-json\/wp\/v2\/posts\/165868","targetHints":{"allow":["GET"]}}],"collection":[{"href":"https:\/\/www.europesays.com\/pt\/wp-json\/wp\/v2\/posts"}],"about":[{"href":"https:\/\/www.europesays.com\/pt\/wp-json\/wp\/v2\/types\/post"}],"author":[{"embeddable":true,"href":"https:\/\/www.europesays.com\/pt\/wp-json\/wp\/v2\/users\/2"}],"replies":[{"embeddable":true,"href":"https:\/\/www.europesays.com\/pt\/wp-json\/wp\/v2\/comments?post=165868"}],"version-history":[{"count":0,"href":"https:\/\/www.europesays.com\/pt\/wp-json\/wp\/v2\/posts\/165868\/revisions"}],"wp:featuredmedia":[{"embeddable":true,"href":"https:\/\/www.europesays.com\/pt\/wp-json\/wp\/v2\/media\/165869"}],"wp:attachment":[{"href":"https:\/\/www.europesays.com\/pt\/wp-json\/wp\/v2\/media?parent=165868"}],"wp:term":[{"taxonomy":"category","embeddable":true,"href":"https:\/\/www.europesays.com\/pt\/wp-json\/wp\/v2\/categories?post=165868"},{"taxonomy":"post_tag","embeddable":true,"href":"https:\/\/www.europesays.com\/pt\/wp-json\/wp\/v2\/tags?post=165868"}],"curies":[{"name":"wp","href":"https:\/\/api.w.org\/{rel}","templated":true}]}}