{"id":165870,"date":"2025-11-26T13:56:10","date_gmt":"2025-11-26T13:56:10","guid":{"rendered":"https:\/\/www.europesays.com\/pt\/165870\/"},"modified":"2025-11-26T13:56:10","modified_gmt":"2025-11-26T13:56:10","slug":"dylan-este-domingo-vai-definir-as-pessoas-que-vao-a-final-a-liliana-nao-vai-e-mesmo-o-leandro-secret-story","status":"publish","type":"post","link":"https:\/\/www.europesays.com\/pt\/165870\/","title":{"rendered":"Dylan: \u00abEste domingo vai definir as pessoas que v\u00e3o \u00e0 final (\u2026) A Liliana n\u00e3o vai e mesmo o Leandro\u2026\u00bb &#8211; Secret Story"},"content":{"rendered":"<p>No Secret Story 9, Dylan conversa com In\u00eas e Bruna sobre os poss\u00edveis finalistas e diz que no pr\u00f3ximo domingo vai ficar mais definido quem vai chegar \u00e0 final. Para ele, Liliana n\u00e3o chega e tem d\u00favidas quanto a Leandro.\u00a0<\/p>\n<p><a href=\"https:\/\/tvi.iol.pt\/secretstory\/bruno\/desistencia\/bruno-desiste-do-secret-story-9-apos-sancao-da-voz-e-deixa-colegas-em-choque\" rel=\"nofollow noopener\" target=\"_blank\">Bruno desiste do Secret Story 9 ap\u00f3s san\u00e7\u00e3o da Voz e deixa colegas em choque &#8211; Secret Story &#8211; TVI<\/a><\/p>\n<p><strong>Esta semana, h\u00e1 tr\u00eas concorrentes em risco de expuls\u00e3o j\u00e1 no pr\u00f3ximo domingo.<\/strong><\/p>\n<p>Vota\u00e7\u00e3o para salvar:<br \/>DYLAN \u2013 761 20 20 07<br \/>F\u00c1BIO \u2013 761 20 20 08<br \/>IN\u00caS \u2013 761 20 20 10<\/p>\n<p><a href=\"https:\/\/tvi.iol.pt\/secretstory\/aominuto\" rel=\"nofollow noopener\" target=\"_blank\">Acompanhe aqui tudo o que se passa no Secret Story 9!<\/a><\/p>\n","protected":false},"excerpt":{"rendered":"No Secret Story 9, Dylan conversa com In\u00eas e Bruna sobre os poss\u00edveis finalistas e diz que no&hellip;\n","protected":false},"author":2,"featured_media":165871,"comment_status":"","ping_status":"","sticky":false,"template":"","format":"standard","meta":{"footnotes":""},"categories":[142],"tags":[19105,114,115,3704,26384,19033,12397,19016,19034,32,33,151,19032],"class_list":{"0":"post-165870","1":"post","2":"type-post","3":"status-publish","4":"format-standard","5":"has-post-thumbnail","7":"category-tv","8":"tag-dylan","9":"tag-entertainment","10":"tag-entretenimento","11":"tag-final","12":"tag-finalistas","13":"tag-galas-em-video","14":"tag-leandro","15":"tag-liliana","16":"tag-melhores-momentos-casa-dos-segredos","17":"tag-portugal","18":"tag-pt","19":"tag-tv","20":"tag-videos-secret-story-tvi"},"share_on_mastodon":{"url":"https:\/\/pubeurope.com\/@pt\/115616349377350759","error":""},"_links":{"self":[{"href":"https:\/\/www.europesays.com\/pt\/wp-json\/wp\/v2\/posts\/165870","targetHints":{"allow":["GET"]}}],"collection":[{"href":"https:\/\/www.europesays.com\/pt\/wp-json\/wp\/v2\/posts"}],"about":[{"href":"https:\/\/www.europesays.com\/pt\/wp-json\/wp\/v2\/types\/post"}],"author":[{"embeddable":true,"href":"https:\/\/www.europesays.com\/pt\/wp-json\/wp\/v2\/users\/2"}],"replies":[{"embeddable":true,"href":"https:\/\/www.europesays.com\/pt\/wp-json\/wp\/v2\/comments?post=165870"}],"version-history":[{"count":0,"href":"https:\/\/www.europesays.com\/pt\/wp-json\/wp\/v2\/posts\/165870\/revisions"}],"wp:featuredmedia":[{"embeddable":true,"href":"https:\/\/www.europesays.com\/pt\/wp-json\/wp\/v2\/media\/165871"}],"wp:attachment":[{"href":"https:\/\/www.europesays.com\/pt\/wp-json\/wp\/v2\/media?parent=165870"}],"wp:term":[{"taxonomy":"category","embeddable":true,"href":"https:\/\/www.europesays.com\/pt\/wp-json\/wp\/v2\/categories?post=165870"},{"taxonomy":"post_tag","embeddable":true,"href":"https:\/\/www.europesays.com\/pt\/wp-json\/wp\/v2\/tags?post=165870"}],"curies":[{"name":"wp","href":"https:\/\/api.w.org\/{rel}","templated":true}]}}