{"id":165872,"date":"2025-11-26T13:57:16","date_gmt":"2025-11-26T13:57:16","guid":{"rendered":"https:\/\/www.europesays.com\/pt\/165872\/"},"modified":"2025-11-26T13:57:16","modified_gmt":"2025-11-26T13:57:16","slug":"confira-os-primeiros-indicados-ao-40th-golden-disc-awards-importante-premiacao-da-musica-coreana","status":"publish","type":"post","link":"https:\/\/www.europesays.com\/pt\/165872\/","title":{"rendered":"Confira os primeiros indicados ao 40th Golden Disc Awards, importante premia\u00e7\u00e3o da m\u00fasica coreana"},"content":{"rendered":"<p>A 40\u00aa edi\u00e7\u00e3o do <a href=\"https:\/\/www.goldendisc.co.kr\/en\/about\" target=\"_blank\" rel=\"noopener nofollow\">Golden Disc Awards<\/a> j\u00e1 come\u00e7a a ganhar forma! Nesta ter\u00e7a-feira, 25, o comit\u00ea organizador da premia\u00e7\u00e3o revelou quem s\u00e3o os artistas que ganharam destaque na ind\u00fastria musical na Coreia do Sul este ano e concorrem as tr\u00eas principais categorias.<\/p>\n<p>Com solistas e grupos de <a href=\"https:\/\/recreio.com.br\/tags\/k-pop\" target=\"_blank\" rel=\"noopener nofollow\">K-pop<\/a>, foram definidos os nomes que disputam as categorias \u201cM\u00fasica Digital do Ano\u201d, \u201c\u00c1lbum do Ano\u201d e \u201cArtista Revela\u00e7\u00e3o do Ano\u201d, os quais foram escolhidos com base no crit\u00e9rio de elegibilidade que \u00e9: os artistas devem ter realizado lan\u00e7amentos de m\u00fasicas ou \u00e1lbuns entre o in\u00edcio de novembro de 2024 e o in\u00edcio de novembro de 2025.<\/p>\n<p>Veja os indicados ao Golden Disc Awards 2026:<\/p>\n<p> Divis\u00e3o de M\u00fasica Digital Bonsang (Pr\u00eamio Principal) <\/p>\n<ul>\n<li><a href=\"https:\/\/www.instagram.com\/aespa_official\" target=\"_blank\" rel=\"noopener nofollow\">aespa<\/a> \u2013 \u201cDirty Work\u201d<\/li>\n<li>ALLDAY PROJECT \u2013 \u201cFAMOUS\u201d<\/li>\n<li>BLACKPINK \u2013 \u201cJUMP\u201d<\/li>\n<li>BOYNEXTDOOR \u2013 \u201cIF I SAY, I LOVE YOU\u201d<\/li>\n<li>G-Dragon \u2013 \u201cHOME SWEET HOME (feat. Taeyang, Daesung)\u201d<\/li>\n<li>Hearts2Hearts \u2013 \u201cThe Chase\u201d<\/li>\n<li>Hwang Karam \u2013 \u201cI Miss You So Much\u201d<\/li>\n<li>IU \u2013 \u201cNever Ending Story\u201d<\/li>\n<li>IVE \u2013 \u201cREBEL HEART\u201d<\/li>\n<li>Jennie \u2013 \u201clike JENNIE\u201d<\/li>\n<li>KiiiKiii \u2013 \u201cI DO ME\u201d<\/li>\n<li>LE SSERAFIM \u2013 \u201cHOT\u201d<\/li>\n<li>MAKTUB \u2013 \u201cStarting With You\u201d<\/li>\n<li>MEOVV \u2013 \u201cHANDS UP\u201d<\/li>\n<li>OVAN \u2013 \u201cFlower\u201d<\/li>\n<li>PLAVE \u2013 \u201cDash\u201d<\/li>\n<li>Ros\u00e9 \u2013 \u201ctoxic till the end\u201d<\/li>\n<li>SEVENTEEN \u2013 \u201cTHUNDER\u201d<\/li>\n<li>Woody \u2013 \u201cSadder Than Yesterday\u201d<\/li>\n<li>ZO ZAZZ \u2013 \u201cDon\u2019t you know\u201d<\/li>\n<\/ul>\n<p> Divis\u00e3o de \u00c1lbum Bonsang (Pr\u00eamio Principal) <\/p>\n<ul>\n<li>&amp;TEAM \u2013 \u201cBack to Life\u201d<\/li>\n<li>aespa \u2013 \u201cRich Man\u201d<\/li>\n<li>ATEEZ \u2013 \u201cGOLDEN HOUR : Part.2\u201d<\/li>\n<li>Baekhyun \u2013 \u201cEssence of Reverie\u201d<\/li>\n<li>CxM \u2013 \u201cHYPE VIBES\u201d<\/li>\n<li>ENHYPEN \u2013 \u201cDESIRE : UNLEASH\u201d<\/li>\n<li>G-Dragon \u2013 \u201c\u00dcbermensch\u201d<\/li>\n<li>i-dle \u2013 \u201cWe are\u201d<\/li>\n<li>IVE \u2013 \u201cIVE EMPATHY\u201d<\/li>\n<li><a href=\"https:\/\/pt.wikipedia.org\/wiki\/Jennie\" target=\"_blank\" rel=\"noopener nofollow\">Jennie<\/a> \u2013 \u201cRuby\u201d<\/li>\n<li>Jin \u2013 \u201cHappy\u201d<\/li>\n<li>NCT DREAM \u2013 \u201cDREAMSCAPE\u201d<\/li>\n<li>NCT WISH \u2013 \u201cCOLOR\u201d<\/li>\n<li>RIIZE \u2013 \u201cODYSSEY\u201d<\/li>\n<li>SEVENTEEN \u2013 \u201cHAPPY BURSTDAY\u201d<\/li>\n<li>Stray Kids \u2013 \u201cKARMA\u201d<\/li>\n<li>THE BOYZ \u2013 \u201cUnexpected\u201d<\/li>\n<li>TWICE \u2013 \u201cSTRATEGY\u201d<\/li>\n<li>TXT \u2013 \u201cThe Star Chapter: TOGETHER\u201d<\/li>\n<li>ZEROBASEONE \u2013 \u201cNEVER SAY NEVER\u201d<\/li>\n<\/ul>\n<p> Artista Revela\u00e7\u00e3o do Ano <\/p>\n<ul>\n<li>AHOF<\/li>\n<li>ALLDAY PROJECT<\/li>\n<li>CLOSE YOUR EYES<\/li>\n<li>CORTIS<\/li>\n<li>Hearts2Hearts<\/li>\n<li>IDID<\/li>\n<li>idntt<\/li>\n<li>izna<\/li>\n<li>KickFlip<\/li>\n<li>KiiiKiii<\/li>\n<li>NouerA<\/li>\n<li>ZO ZAZZ<\/li>\n<\/ul>\n<p>Al\u00e9m dos primeiros indicados, conforme repercutido pelo portal Soompi, a programa\u00e7\u00e3o do evento ser\u00e1 anunciada na pr\u00f3xima quarta e quinta-feira, dias 26 e 27 de novembro.<\/p>\n<p>Vale lembrar que o \u201cGolden Disc Awards 2026\u201d ter\u00e1 como apresentadores o cantor e apresentador<strong> Sung Si Kyung<\/strong>, e a atriz <strong>Mun Ga Young<\/strong>, amplamente conhecida por doramas como \u201cBeleza Verdadeira\u201d e \u201cMeu Querido N\u00eamesis\u201d. A cerim\u00f4nia ser\u00e1 realizada no Taipei Dome, localizado em Xinyi, Taipei, Taiwan, em 10 de janeiro de 2026.<\/p>\n<p>        <a href=\"https:\/\/recreio.com.br\/noticias\/author\/izabela-queiroz\" rel=\"nofollow noopener\" target=\"_blank\">&#13;<br \/>\n          <img loading=\"lazy\" alt=\"Izabela Queiroz\" src=\"https:\/\/www.europesays.com\/pt\/wp-content\/uploads\/2025\/11\/1764165436_404_73c0b9c1056486c3f0ac887fc031213cdd608512c3b419d28e1ba5da81c3eb12\"  class=\"avatar avatar-115 photo rounded-circle mr-3\" height=\"115\" width=\"115\" decoding=\"async\"\/>        <\/a><\/p>\n<p>Izabela Queiroz, jornalista por paix\u00e3o e cin\u00e9fila de carteirinha. Formada pela UNINOVE, encontrou na escrita o lugar ideal para unir tudo o que mais gosta: filmes, s\u00e9ries e m\u00fasica. Nos textos, h\u00e1 quase sempre refer\u00eancias a algo relacionado \u00e0 cultura pop que a marcou. Fora deles, a encontrar\u00e1 assistindo hist\u00f3rias com reviravoltas chocantes, romances cativantes e dramas que a fazem chorar.<\/p>\n<p>\t                                            <script async src=\"\/\/www.instagram.com\/embed.js\"><\/script><\/p>\n","protected":false},"excerpt":{"rendered":"A 40\u00aa edi\u00e7\u00e3o do Golden Disc Awards j\u00e1 come\u00e7a a ganhar forma! Nesta ter\u00e7a-feira, 25, o comit\u00ea organizador&hellip;\n","protected":false},"author":2,"featured_media":165873,"comment_status":"","ping_status":"","sticky":false,"template":"","format":"standard","meta":{"footnotes":""},"categories":[141],"tags":[3733,114,115,35044,10114,35045,1688,149,150,32,6691,33,16632],"class_list":{"0":"post-165872","1":"post","2":"type-post","3":"status-publish","4":"format-standard","5":"has-post-thumbnail","7":"category-musica","8":"tag-artistas","9":"tag-entertainment","10":"tag-entretenimento","11":"tag-golden-disc-awards","12":"tag-grupo","13":"tag-idols","14":"tag-k-pop","15":"tag-music","16":"tag-musica","17":"tag-portugal","18":"tag-premiacao","19":"tag-pt","20":"tag-solista"},"share_on_mastodon":{"url":"https:\/\/pubeurope.com\/@pt\/115616353228501303","error":""},"_links":{"self":[{"href":"https:\/\/www.europesays.com\/pt\/wp-json\/wp\/v2\/posts\/165872","targetHints":{"allow":["GET"]}}],"collection":[{"href":"https:\/\/www.europesays.com\/pt\/wp-json\/wp\/v2\/posts"}],"about":[{"href":"https:\/\/www.europesays.com\/pt\/wp-json\/wp\/v2\/types\/post"}],"author":[{"embeddable":true,"href":"https:\/\/www.europesays.com\/pt\/wp-json\/wp\/v2\/users\/2"}],"replies":[{"embeddable":true,"href":"https:\/\/www.europesays.com\/pt\/wp-json\/wp\/v2\/comments?post=165872"}],"version-history":[{"count":0,"href":"https:\/\/www.europesays.com\/pt\/wp-json\/wp\/v2\/posts\/165872\/revisions"}],"wp:featuredmedia":[{"embeddable":true,"href":"https:\/\/www.europesays.com\/pt\/wp-json\/wp\/v2\/media\/165873"}],"wp:attachment":[{"href":"https:\/\/www.europesays.com\/pt\/wp-json\/wp\/v2\/media?parent=165872"}],"wp:term":[{"taxonomy":"category","embeddable":true,"href":"https:\/\/www.europesays.com\/pt\/wp-json\/wp\/v2\/categories?post=165872"},{"taxonomy":"post_tag","embeddable":true,"href":"https:\/\/www.europesays.com\/pt\/wp-json\/wp\/v2\/tags?post=165872"}],"curies":[{"name":"wp","href":"https:\/\/api.w.org\/{rel}","templated":true}]}}