{"id":165878,"date":"2025-11-26T14:02:08","date_gmt":"2025-11-26T14:02:08","guid":{"rendered":"https:\/\/www.europesays.com\/pt\/165878\/"},"modified":"2025-11-26T14:02:08","modified_gmt":"2025-11-26T14:02:08","slug":"a-descoberta-que-muda-tudo-sobre-a-orientacao-das-aves-e-surpreende-ate-os-cientistas","status":"publish","type":"post","link":"https:\/\/www.europesays.com\/pt\/165878\/","title":{"rendered":"A descoberta que muda tudo sobre a orienta\u00e7\u00e3o das aves \u2014 e surpreende at\u00e9 os cientistas"},"content":{"rendered":"<p>A capacidade das aves de se orientarem pelo campo magn\u00e9tico da Terra sempre foi um dos grandes mist\u00e9rios da biologia. Por d\u00e9cadas, teorias disputaram espa\u00e7o, muitas delas apontando para a retina como o local desse \u201csexto sentido\u201d. Um novo estudo realizado por cientistas da Alemanha e da \u00c1ustria traz a evid\u00eancia mais s\u00f3lida j\u00e1 obtida: a verdadeira b\u00fassola das pombas est\u00e1 escondida no ouvido interno.<\/p>\n<p> <b>Um enigma biol\u00f3gico perseguido por mais de cem anos<\/b> <\/p>\n<p>A magnetorrecep\u00e7\u00e3o \u2014 a habilidade de detectar o<a href=\"https:\/\/www.gizmodo.com.br\/o-grande-mapa-oculto-da-lua-o-que-a-ciencia-finalmente-descobriu-sobre-seu-nucleo-e-por-que-isso-muda-a-historia-do-sistema-solar-35029\" rel=\"nofollow noopener\" target=\"_blank\"> campo magn\u00e9tico terrestre<\/a> \u2014 j\u00e1 foi observada em aves migrat\u00f3rias, tartarugas marinhas, morcegos, peixes e at\u00e9 insetos. No entanto, por mais de um s\u00e9culo, os cientistas n\u00e3o conseguiam identificar com precis\u00e3o onde esse sentido estava localizado no corpo.<br \/> Em 1882, o naturalista Camille Viguier sugeriu que o ouvido interno poderia gerar pequenas correntes el\u00e9tricas em resposta ao magnetismo. A hip\u00f3tese foi praticamente esquecida \u2014 at\u00e9 agora, quando um estudo publicado na Science trouxe evid\u00eancias diretas de que ele estava certo.<\/p>\n<p> <b>O ouvido interno como centro da b\u00fassola magn\u00e9tica<\/b> <\/p>\n<p>A pesquisa foi liderada pelo neurocientista David Keays, da Universidade Ludwig-Maximilian de Munique. Usando t\u00e9cnicas avan\u00e7adas de sequenciamento gen\u00e9tico e mapeamento cerebral, os cientistas analisaram em detalhes o ouvido interno das pombas.<br \/> As aves foram expostas a um campo magn\u00e9tico artificial, levemente mais forte que o da Terra, com a cabe\u00e7a imobilizada enquanto o campo era rotacionado. O objetivo era simular as varia\u00e7\u00f5es magn\u00e9ticas enfrentadas durante o voo.<\/p>\n<p>O resultado foi claro: a atividade cerebral relacionada ao magnetismo estava concentrada na regi\u00e3o ligada ao sistema vestibular \u2014 respons\u00e1vel pelo equil\u00edbrio e pela percep\u00e7\u00e3o de movimento. Era ali que o \u201csinal magn\u00e9tico\u201d estava sendo processado.<\/p>\n<p> <img loading=\"lazy\" decoding=\"async\" class=\"size-full wp-image-35181\" src=\"https:\/\/www.europesays.com\/pt\/wp-content\/uploads\/2025\/11\/sexto-sentido-das-aves.png\" alt=\"\u201csexto Sentido\u201d Das Aves\" width=\"1500\" height=\"1000\"  \/>\u00a9 FreePik <b>Uma prova direta do \u201csexto sentido\u201d das aves<\/b> <\/p>\n<p>As c\u00e9lulas sensoriais do ouvido interno apresentaram alta express\u00e3o de prote\u00ednas sens\u00edveis a<a href=\"https:\/\/www.gizmodo.com.br\/li-fi-a-tecnologia-que-promete-revolucionar-a-conexao-sem-fio-8991\" rel=\"nofollow noopener\" target=\"_blank\"> varia\u00e7\u00f5es eletromagn\u00e9ticas<\/a>. E o detalhe mais surpreendente: o efeito continuou mesmo no escuro total.<br \/> Isso praticamente elimina a ideia de que a retina ou a luz sejam essenciais para a detec\u00e7\u00e3o do magnetismo em pombas, contrariando teorias baseadas em mol\u00e9culas fotossens\u00edveis nos olhos. Para o pesquisador Eric Warrant, da Universidade de Lund, esta \u00e9 \u201ca demonstra\u00e7\u00e3o mais clara j\u00e1 obtida das vias neurais respons\u00e1veis pelo processamento magn\u00e9tico em um animal\u201d.<\/p>\n<p> <b>Uma nova vis\u00e3o sobre a magnetorrecep\u00e7\u00e3o animal<\/b> <\/p>\n<p>O estudo tamb\u00e9m refor\u00e7a a ideia de que a evolu\u00e7\u00e3o criou solu\u00e7\u00f5es diferentes para um mesmo problema. Algumas esp\u00e9cies podem usar mecanismos dependentes da luz, enquanto outras \u2014 como as pombas \u2014 utilizam sensores el\u00e9tricos no ouvido interno.<br \/> Nesse modelo, o campo geomagn\u00e9tico gera pequenas correntes el\u00e9tricas captadas pelo sistema vestibular, fornecendo ao c\u00e9rebro informa\u00e7\u00f5es precisas de orienta\u00e7\u00e3o.<\/p>\n<p>Os pesquisadores agora pretendem rastrear como esse sinal viaja pelo c\u00e9rebro e como influencia diretamente os trajetos de navega\u00e7\u00e3o. Depois de mais de um s\u00e9culo de teorias, a ci\u00eancia finalmente come\u00e7a a compreender, com clareza, como as aves \u201csentem\u201d a Terra \u2014 e como usam essa informa\u00e7\u00e3o para cruzar continentes com impressionante precis\u00e3o.<\/p>\n","protected":false},"excerpt":{"rendered":"A capacidade das aves de se orientarem pelo campo magn\u00e9tico da Terra sempre foi um dos grandes mist\u00e9rios&hellip;\n","protected":false},"author":2,"featured_media":165879,"comment_status":"","ping_status":"","sticky":false,"template":"","format":"standard","meta":{"footnotes":""},"categories":[84],"tags":[109,107,108,32,33,105,103,104,106,110],"class_list":{"0":"post-165878","1":"post","2":"type-post","3":"status-publish","4":"format-standard","5":"has-post-thumbnail","7":"category-ciencia-e-tecnologia","8":"tag-ciencia","9":"tag-ciencia-e-tecnologia","10":"tag-cienciaetecnologia","11":"tag-portugal","12":"tag-pt","13":"tag-science","14":"tag-science-and-technology","15":"tag-scienceandtechnology","16":"tag-technology","17":"tag-tecnologia"},"share_on_mastodon":{"url":"https:\/\/pubeurope.com\/@pt\/115616372984961847","error":""},"_links":{"self":[{"href":"https:\/\/www.europesays.com\/pt\/wp-json\/wp\/v2\/posts\/165878","targetHints":{"allow":["GET"]}}],"collection":[{"href":"https:\/\/www.europesays.com\/pt\/wp-json\/wp\/v2\/posts"}],"about":[{"href":"https:\/\/www.europesays.com\/pt\/wp-json\/wp\/v2\/types\/post"}],"author":[{"embeddable":true,"href":"https:\/\/www.europesays.com\/pt\/wp-json\/wp\/v2\/users\/2"}],"replies":[{"embeddable":true,"href":"https:\/\/www.europesays.com\/pt\/wp-json\/wp\/v2\/comments?post=165878"}],"version-history":[{"count":0,"href":"https:\/\/www.europesays.com\/pt\/wp-json\/wp\/v2\/posts\/165878\/revisions"}],"wp:featuredmedia":[{"embeddable":true,"href":"https:\/\/www.europesays.com\/pt\/wp-json\/wp\/v2\/media\/165879"}],"wp:attachment":[{"href":"https:\/\/www.europesays.com\/pt\/wp-json\/wp\/v2\/media?parent=165878"}],"wp:term":[{"taxonomy":"category","embeddable":true,"href":"https:\/\/www.europesays.com\/pt\/wp-json\/wp\/v2\/categories?post=165878"},{"taxonomy":"post_tag","embeddable":true,"href":"https:\/\/www.europesays.com\/pt\/wp-json\/wp\/v2\/tags?post=165878"}],"curies":[{"name":"wp","href":"https:\/\/api.w.org\/{rel}","templated":true}]}}