{"id":165882,"date":"2025-11-26T14:07:09","date_gmt":"2025-11-26T14:07:09","guid":{"rendered":"https:\/\/www.europesays.com\/pt\/165882\/"},"modified":"2025-11-26T14:07:09","modified_gmt":"2025-11-26T14:07:09","slug":"shawn-mendes-e-fotografado-em-aldeia-indigina-em-sao-paulo-cantor-esta-ha-tres-semanas-no-brasil","status":"publish","type":"post","link":"https:\/\/www.europesays.com\/pt\/165882\/","title":{"rendered":"Shawn Mendes \u00e9 fotografado em aldeia ind\u00edgina em S\u00e3o Paulo; cantor est\u00e1 h\u00e1 tr\u00eas semanas no Brasil"},"content":{"rendered":"\n<p class=\" content-text__container \" data-track-category=\"Link no Texto\" data-track-links=\"\"> O fot\u00f3grafo Richard Wera Mirim compartilhou em suas redes sociais os registros da passagem de Shawn por sua casa. Na visita, ele cantou e tocou viol\u00e3o com os anfitri\u00f5es. <\/p>\n<p class=\" content-text__container \" data-track-category=\"Link no Texto\" data-track-links=\"\"> \u2014 Foi um momento de troca cultural e espiritual, no qual ele levou consigo uma verdadeira bagagem de conhecimento sobre nossos cantos sagrados, nossa l\u00edngua Guarani e a sabedoria ancestral que protege nossos territ\u00f3rios \u2014 escreveu Richard. <\/p>\n<p class=\" content-text__container \" data-track-category=\"Link no Texto\" data-track-links=\"\"> Shawn Mendes desembarcou no Brasil no in\u00edcio do m\u00eas para se apresentar o The Earthshot Price, evento oferecido pelo Pr\u00edncipe William que premia iniciativas que contra o aquecimento global. Ele se apresentou na cerim\u00f4nia de premia\u00e7\u00e3o no dia 5 de novembro, no Museu do Amanh\u00e3, no Rio de Janeiro. <\/p>\n","protected":false},"excerpt":{"rendered":"O fot\u00f3grafo Richard Wera Mirim compartilhou em suas redes sociais os registros da passagem de Shawn por sua&hellip;\n","protected":false},"author":2,"featured_media":165883,"comment_status":"","ping_status":"","sticky":false,"template":"","format":"standard","meta":{"footnotes":""},"categories":[145],"tags":[211,210,114,115,319,32,33,318,28283],"class_list":{"0":"post-165882","1":"post","2":"type-post","3":"status-publish","4":"format-standard","5":"has-post-thumbnail","7":"category-celebridades","8":"tag-celebridades","9":"tag-celebrities","10":"tag-entertainment","11":"tag-entretenimento","12":"tag-hard-news","13":"tag-portugal","14":"tag-pt","15":"tag-radar","16":"tag-shawn-mendes"},"share_on_mastodon":{"url":"https:\/\/pubeurope.com\/@pt\/115616392312173940","error":""},"_links":{"self":[{"href":"https:\/\/www.europesays.com\/pt\/wp-json\/wp\/v2\/posts\/165882","targetHints":{"allow":["GET"]}}],"collection":[{"href":"https:\/\/www.europesays.com\/pt\/wp-json\/wp\/v2\/posts"}],"about":[{"href":"https:\/\/www.europesays.com\/pt\/wp-json\/wp\/v2\/types\/post"}],"author":[{"embeddable":true,"href":"https:\/\/www.europesays.com\/pt\/wp-json\/wp\/v2\/users\/2"}],"replies":[{"embeddable":true,"href":"https:\/\/www.europesays.com\/pt\/wp-json\/wp\/v2\/comments?post=165882"}],"version-history":[{"count":0,"href":"https:\/\/www.europesays.com\/pt\/wp-json\/wp\/v2\/posts\/165882\/revisions"}],"wp:featuredmedia":[{"embeddable":true,"href":"https:\/\/www.europesays.com\/pt\/wp-json\/wp\/v2\/media\/165883"}],"wp:attachment":[{"href":"https:\/\/www.europesays.com\/pt\/wp-json\/wp\/v2\/media?parent=165882"}],"wp:term":[{"taxonomy":"category","embeddable":true,"href":"https:\/\/www.europesays.com\/pt\/wp-json\/wp\/v2\/categories?post=165882"},{"taxonomy":"post_tag","embeddable":true,"href":"https:\/\/www.europesays.com\/pt\/wp-json\/wp\/v2\/tags?post=165882"}],"curies":[{"name":"wp","href":"https:\/\/api.w.org\/{rel}","templated":true}]}}