{"id":165900,"date":"2025-11-26T14:29:07","date_gmt":"2025-11-26T14:29:07","guid":{"rendered":"https:\/\/www.europesays.com\/pt\/165900\/"},"modified":"2025-11-26T14:29:07","modified_gmt":"2025-11-26T14:29:07","slug":"os-homens-nao-choram-jornal-soberania-do-povo","status":"publish","type":"post","link":"https:\/\/www.europesays.com\/pt\/165900\/","title":{"rendered":"Os homens (n\u00e3o) choram &#8211; Jornal Soberania do Povo"},"content":{"rendered":"<ol>\n<li><a href=\"https:\/\/news.google.com\/rss\/articles\/CBMiakFVX3lxTE5NQzlIVGNDZ181RzZDRVFucG1JOG9Kc0Z5eERCOHJZSkJOTDBuS3d2OFEtTnVsX1phbWp2TW9pOFM5a1pNWG1pb2RCT1ZZTzQ5SGFPZFRSZ01QaVRod2VVeDRNb3ZkUlphSWc?oc=5\" target=\"_blank\" rel=\"nofollow noopener\">Os homens (n\u00e3o) choram<\/a>&nbsp;&nbsp;Jornal Soberania do Povo<\/li>\n<li><a href=\"https:\/\/news.google.com\/rss\/articles\/CBMioAFBVV95cUxOTTJPaGFmMkFyblRGVVVYcTBFeDFRVVdmNFg2TWktSGo5QnRRYk5zakhmeTlZRmxsZXdnSGwzYnJiamwtTmZPbjFIRGoteEgtRTk2cUtsSFdIS0NVWDVkTkZ5LU9KZHVvRi12X1FyOVg3ZzZpcXB0ZmdSemZmS1k4RDJGNks0OTVqMWZoendmQlljRzRlNEgxVkk0LTVnMGkz?oc=5\" target=\"_blank\" rel=\"nofollow noopener\">Torneio Solid\u00e1rio de Futebol assinala \u201cNovembro Azul\u201d em Vagos<\/a>&nbsp;&nbsp;AveiroMag\u00ae<\/li>\n<li><a href=\"https:\/\/news.google.com\/rss\/articles\/CBMivwFBVV95cUxQNGJXcTJEM3hpMDl5bjVlT3FWd1N4dUM4SWdPT0FGTXNhTmRfMk8ycWJlTzBVMElsdk5yWUZocWRnUXhzbjAyd3IyOE5uak1mNXNhOHZnNUx2eXUzUzY0aEtZOWpXRG9weWRodE8zTVB3U3JjNkwzN0N1YVEzOG4yenR3U0JycFUtTGJFMGlwNWR4TUJ5ZUFXTU5xaldpeWtTeW9xTjZaMlFBUkJXSi1MX3RCaTFBUVY2amoyUnV5TQ?oc=5\" target=\"_blank\" rel=\"nofollow noopener\">Jos\u00e9 Sanches Magalh\u00e3es: &#8220;A dete\u00e7\u00e3o de novos alvos vai revolucionar o cancro da pr\u00f3stata&#8221;<\/a>&nbsp;&nbsp;HealthNews<\/li>\n<li><a href=\"https:\/\/news.google.com\/rss\/articles\/CBMimwFBVV95cUxNVWxrSFExSG5ESFF4MFYzRGY1Y0dsYkE3SEpnWHFFSEp2eUlGRDVwbkxfTklmbkpyX0NySkxpX1pmUUpwZmUzR2NxRHg1dk1aSWJ1emZwUkgwdlZUWWNsR3FfelNaTm1aZExsWUFWYUJBbHlXZE1JLTI5aHRyMVUzOTBrOV9OOHp2WEtUNlN5Q1NzeVFVZE5TNHQ1Yw?oc=5\" target=\"_blank\" rel=\"nofollow noopener\">Centro de Sa\u00fade de Nisa mostra o bigode pela sa\u00fade masculina<\/a>&nbsp;&nbsp;R\u00e1dio Elvas<\/li>\n<li><a href=\"https:\/\/news.google.com\/rss\/articles\/CBMiwwFBVV95cUxQa180VEZYUEVYaEpLaGxwTThVVlBTaW0ya05MQ0ljLVBITUFGb1VvV2VCSzJmSC1ncTFuUXl1bExrSkVwYUpYZ0NJQk1maWlvQTVNanNyQnRrUUplSnFqRUlLQjY4NnVhNm5fY2xROFBvUGUwc1I0dzNrQkpJZXpkNEQtcVZ1bFJkUDNvalBYMDgzRGdCTDRHNFZCVmVIYWU5UXdneGc0LVR6ek45YkNoajg0WlRnV0pCalNXNV9WSVMwZEE?oc=5\" target=\"_blank\" rel=\"nofollow noopener\">ULS Lez\u00edria assinala Novembro Azul com a\u00e7\u00e3o de sensibiliza\u00e7\u00e3o para a preven\u00e7\u00e3o do cancro da pr\u00f3stata<\/a>&nbsp;&nbsp;Mais Ribatejo<\/li>\n<\/ol>\n","protected":false},"excerpt":{"rendered":"Os homens (n\u00e3o) choram&nbsp;&nbsp;Jornal Soberania do Povo Torneio Solid\u00e1rio de Futebol assinala \u201cNovembro Azul\u201d em Vagos&nbsp;&nbsp;AveiroMag\u00ae Jos\u00e9 Sanches&hellip;\n","protected":false},"author":2,"featured_media":165901,"comment_status":"","ping_status":"","sticky":false,"template":"","format":"standard","meta":{"footnotes":""},"categories":[86],"tags":[32553,32556,116,2513,13,32559,602,32,32558,33,117,32555,32560,32561,32557,32554,32562],"class_list":{"0":"post-165900","1":"post","2":"type-post","3":"status-publish","4":"format-standard","5":"has-post-thumbnail","7":"category-saude","8":"tag-agueda","9":"tag-antigo","10":"tag-health","11":"tag-jornal","12":"tag-noticias","13":"tag-noticias-de-agueda","14":"tag-pais","15":"tag-portugal","16":"tag-povo","17":"tag-pt","18":"tag-saude","19":"tag-semanario","20":"tag-semanario-mais-antigo","21":"tag-semanario-mais-antigo-do-pais","22":"tag-soberania","23":"tag-soberania-do-povo","24":"tag-soberania-tv"},"share_on_mastodon":{"url":"https:\/\/pubeurope.com\/@pt\/115616479069284183","error":""},"_links":{"self":[{"href":"https:\/\/www.europesays.com\/pt\/wp-json\/wp\/v2\/posts\/165900","targetHints":{"allow":["GET"]}}],"collection":[{"href":"https:\/\/www.europesays.com\/pt\/wp-json\/wp\/v2\/posts"}],"about":[{"href":"https:\/\/www.europesays.com\/pt\/wp-json\/wp\/v2\/types\/post"}],"author":[{"embeddable":true,"href":"https:\/\/www.europesays.com\/pt\/wp-json\/wp\/v2\/users\/2"}],"replies":[{"embeddable":true,"href":"https:\/\/www.europesays.com\/pt\/wp-json\/wp\/v2\/comments?post=165900"}],"version-history":[{"count":0,"href":"https:\/\/www.europesays.com\/pt\/wp-json\/wp\/v2\/posts\/165900\/revisions"}],"wp:featuredmedia":[{"embeddable":true,"href":"https:\/\/www.europesays.com\/pt\/wp-json\/wp\/v2\/media\/165901"}],"wp:attachment":[{"href":"https:\/\/www.europesays.com\/pt\/wp-json\/wp\/v2\/media?parent=165900"}],"wp:term":[{"taxonomy":"category","embeddable":true,"href":"https:\/\/www.europesays.com\/pt\/wp-json\/wp\/v2\/categories?post=165900"},{"taxonomy":"post_tag","embeddable":true,"href":"https:\/\/www.europesays.com\/pt\/wp-json\/wp\/v2\/tags?post=165900"}],"curies":[{"name":"wp","href":"https:\/\/api.w.org\/{rel}","templated":true}]}}