{"id":165905,"date":"2025-11-26T14:35:20","date_gmt":"2025-11-26T14:35:20","guid":{"rendered":"https:\/\/www.europesays.com\/pt\/165905\/"},"modified":"2025-11-26T14:35:20","modified_gmt":"2025-11-26T14:35:20","slug":"carlos-alexandre-vai-receber-6-mil-euros-por-mes-para-liderar-combate-a-fraude-no-sns","status":"publish","type":"post","link":"https:\/\/www.europesays.com\/pt\/165905\/","title":{"rendered":"Carlos Alexandre vai receber 6 mil euros por m\u00eas para liderar combate \u00e0 fraude no SNS"},"content":{"rendered":"<p>O juiz desembargador Carlos Alexandre vai liderar a nova entidade que tem como objetivo o combate \u00e0 fraude no Servi\u00e7o Nacional de Sa\u00fade (SNS), de acordo com informa\u00e7\u00e3o avan\u00e7a esta quarta-feira pelo \u201cJN\u201d.<\/p>\n<p>Detalha o di\u00e1rio que o juiz desembargador j\u00e1 ter\u00e1 aceitado o convite do Governo para liderar a nova Comiss\u00e3o de Combate \u00e0 Fraude no Servi\u00e7o Nacional de Sa\u00fade, cuja finalidade \u00e9 fazer com que o Estado possa poupar 800 milh\u00f5es de euros.<\/p>\n<p>Avan\u00e7a o \u201cJN\u201d que Carlos Alexandre ter\u00e1 pela frente um mandato de tr\u00eas anos e um sal\u00e1rio de 6100 euros por m\u00eas, sendo que o papel da entidade liderada pelo magistrado passa por analisar desperd\u00edcios e il\u00edcitos financeiros e criminais.<\/p>\n<p>Carlos Alexandre j\u00e1 conta com 40 anos de servi\u00e7o na Justi\u00e7a, tendo passado pelas suas m\u00e3os alguns dos processos mais medi\u00e1ticos da hist\u00f3ria recente da justi\u00e7a portuguesa, nomeadamente, Opera\u00e7\u00e3o Marqu\u00eas, Face Oculta, BES\/GES, Caso EDP, Monte Branco ou Opera\u00e7\u00e3o Furac\u00e3o, entre outros.<\/p>\n","protected":false},"excerpt":{"rendered":"O juiz desembargador Carlos Alexandre vai liderar a nova entidade que tem como objetivo o combate \u00e0 fraude&hellip;\n","protected":false},"author":2,"featured_media":165906,"comment_status":"","ping_status":"","sticky":false,"template":"","format":"standard","meta":{"footnotes":""},"categories":[8],"tags":[27,28,15,16,14,35046,25,26,21,22,12,13,19,20,32,23,24,33,17,18,29,30,31],"class_list":{"0":"post-165905","1":"post","2":"type-post","3":"status-publish","4":"format-standard","5":"has-post-thumbnail","7":"category-principais-noticias","8":"tag-breaking-news","9":"tag-breakingnews","10":"tag-featured-news","11":"tag-featurednews","12":"tag-headlines","13":"tag-juiz-carlos-alexandre","14":"tag-latest-news","15":"tag-latestnews","16":"tag-main-news","17":"tag-mainnews","18":"tag-news","19":"tag-noticias","20":"tag-noticias-principais","21":"tag-noticiasprincipais","22":"tag-portugal","23":"tag-principais-noticias","24":"tag-principaisnoticias","25":"tag-pt","26":"tag-top-stories","27":"tag-topstories","28":"tag-ultimas","29":"tag-ultimas-noticias","30":"tag-ultimasnoticias"},"share_on_mastodon":{"url":"https:\/\/pubeurope.com\/@pt\/115616502616680065","error":""},"_links":{"self":[{"href":"https:\/\/www.europesays.com\/pt\/wp-json\/wp\/v2\/posts\/165905","targetHints":{"allow":["GET"]}}],"collection":[{"href":"https:\/\/www.europesays.com\/pt\/wp-json\/wp\/v2\/posts"}],"about":[{"href":"https:\/\/www.europesays.com\/pt\/wp-json\/wp\/v2\/types\/post"}],"author":[{"embeddable":true,"href":"https:\/\/www.europesays.com\/pt\/wp-json\/wp\/v2\/users\/2"}],"replies":[{"embeddable":true,"href":"https:\/\/www.europesays.com\/pt\/wp-json\/wp\/v2\/comments?post=165905"}],"version-history":[{"count":0,"href":"https:\/\/www.europesays.com\/pt\/wp-json\/wp\/v2\/posts\/165905\/revisions"}],"wp:featuredmedia":[{"embeddable":true,"href":"https:\/\/www.europesays.com\/pt\/wp-json\/wp\/v2\/media\/165906"}],"wp:attachment":[{"href":"https:\/\/www.europesays.com\/pt\/wp-json\/wp\/v2\/media?parent=165905"}],"wp:term":[{"taxonomy":"category","embeddable":true,"href":"https:\/\/www.europesays.com\/pt\/wp-json\/wp\/v2\/categories?post=165905"},{"taxonomy":"post_tag","embeddable":true,"href":"https:\/\/www.europesays.com\/pt\/wp-json\/wp\/v2\/tags?post=165905"}],"curies":[{"name":"wp","href":"https:\/\/api.w.org\/{rel}","templated":true}]}}