{"id":165911,"date":"2025-11-26T14:42:12","date_gmt":"2025-11-26T14:42:12","guid":{"rendered":"https:\/\/www.europesays.com\/pt\/165911\/"},"modified":"2025-11-26T14:42:12","modified_gmt":"2025-11-26T14:42:12","slug":"o-primeiro-a-sentir-vergonha-sou-eu","status":"publish","type":"post","link":"https:\/\/www.europesays.com\/pt\/165911\/","title":{"rendered":"\u00abO primeiro a sentir vergonha sou eu\u00bb"},"content":{"rendered":"<p>&#8211; Advertisement &#8211;<\/p>\n<p><strong>Luis de la Fuente n\u00e3o cumprimentou o quarto \u00e1rbitro ap\u00f3s o empate entre a Espanha e a Turquia. T\u00e9cnico explicou situa\u00e7\u00e3o.<\/strong><\/p>\n<p>Luis de la Fuente falou, finalmente, no pol\u00e9mico epis\u00f3dio que marcou o final do Espanha x Turquia, <a href=\"https:\/\/bolanarede.pt\/especial-bola-na-rede\/atualidade\/espanha-e-uma-das-5-novas-selecoes-apuradas-para-o-mundial-2026-eis-as-decisoes-e-todos-os-resultados\/\" target=\"_blank\" rel=\"noreferrer noopener nofollow\">duelo que terminou empatado em 2-2<\/a>. O treinador recusou-se a cumprimentar o quarto \u00e1rbitro e, depois de ter afirmado que n\u00e3o viu o juiz, pediu publicamente desculpas. <\/p>\n<p>\u00abN\u00e3o me sinto nada orgulhoso, muito pelo contr\u00e1rio. Quero pedir desculpa publicamente. T\u00ednhamos tido diferentes pontos de vista e alguma tens\u00e3o durante o jogo. Senti que ele n\u00e3o se tinha portado bem comigo e quis mostrar esse desagrado. Arrependo-me porque n\u00e3o sou assim nem devia t\u00ea-lo feito\u00bb, lamentou Luis de la Fuente, que prosseguiu com as explica\u00e7\u00f5es. <\/p>\n<p>\u00abTemos uma responsabilidade. H\u00e1 muitas pessoas que nos observam e temos de projetar uma imagem que esteja \u00e0 altura das circunst\u00e2ncias, n\u00e3o s\u00f3 no futebol, mas tamb\u00e9m a n\u00edvel humano. Naquele instante, estamos com as pulsa\u00e7\u00f5es muito altas e de cabe\u00e7a quente. Devia ter falado com ele e n\u00e3o negar o cumprimento. O primeiro a sentir vergonha sou eu\u00bb, concluiu o selecionador espanhol em declara\u00e7\u00f5es \u00e0 Fibwi Radio.<\/p>\n","protected":false},"excerpt":{"rendered":"&#8211; Advertisement &#8211; Luis de la Fuente n\u00e3o cumprimentou o quarto \u00e1rbitro ap\u00f3s o empate entre a Espanha&hellip;\n","protected":false},"author":2,"featured_media":165912,"comment_status":"","ping_status":"","sticky":false,"template":"","format":"standard","meta":{"footnotes":""},"categories":[87],"tags":[260,135,640,18810,12632,32,33,134,2428],"class_list":{"0":"post-165911","1":"post","2":"type-post","3":"status-publish","4":"format-standard","5":"has-post-thumbnail","7":"category-desporto","8":"tag-atualidade","9":"tag-desporto","10":"tag-espanha","11":"tag-luis-de-la-fuente","12":"tag-mundial-2026","13":"tag-portugal","14":"tag-pt","15":"tag-sports","16":"tag-turquia"},"share_on_mastodon":{"url":"https:\/\/pubeurope.com\/@pt\/115616530454651291","error":""},"_links":{"self":[{"href":"https:\/\/www.europesays.com\/pt\/wp-json\/wp\/v2\/posts\/165911","targetHints":{"allow":["GET"]}}],"collection":[{"href":"https:\/\/www.europesays.com\/pt\/wp-json\/wp\/v2\/posts"}],"about":[{"href":"https:\/\/www.europesays.com\/pt\/wp-json\/wp\/v2\/types\/post"}],"author":[{"embeddable":true,"href":"https:\/\/www.europesays.com\/pt\/wp-json\/wp\/v2\/users\/2"}],"replies":[{"embeddable":true,"href":"https:\/\/www.europesays.com\/pt\/wp-json\/wp\/v2\/comments?post=165911"}],"version-history":[{"count":0,"href":"https:\/\/www.europesays.com\/pt\/wp-json\/wp\/v2\/posts\/165911\/revisions"}],"wp:featuredmedia":[{"embeddable":true,"href":"https:\/\/www.europesays.com\/pt\/wp-json\/wp\/v2\/media\/165912"}],"wp:attachment":[{"href":"https:\/\/www.europesays.com\/pt\/wp-json\/wp\/v2\/media?parent=165911"}],"wp:term":[{"taxonomy":"category","embeddable":true,"href":"https:\/\/www.europesays.com\/pt\/wp-json\/wp\/v2\/categories?post=165911"},{"taxonomy":"post_tag","embeddable":true,"href":"https:\/\/www.europesays.com\/pt\/wp-json\/wp\/v2\/tags?post=165911"}],"curies":[{"name":"wp","href":"https:\/\/api.w.org\/{rel}","templated":true}]}}