{"id":165914,"date":"2025-11-26T14:48:09","date_gmt":"2025-11-26T14:48:09","guid":{"rendered":"https:\/\/www.europesays.com\/pt\/165914\/"},"modified":"2025-11-26T14:48:09","modified_gmt":"2025-11-26T14:48:09","slug":"varias-vitimas-mortais-incendio-devasta-complexo-residencial-em-hong-kong","status":"publish","type":"post","link":"https:\/\/www.europesays.com\/pt\/165914\/","title":{"rendered":"V\u00e1rias v\u00edtimas mortais. Inc\u00eandio devasta complexo residencial em Hong Kong"},"content":{"rendered":"<p>Um grande inc\u00eandio num edif\u00edcio residencial em Hong Kong causou pelo menos 13 mortos e um n\u00famero indeterminado de feridos, alguns dos quais em estado grave devido a queimaduras.<\/p>\n<p><b>V\u00e1rias pessoas est\u00e3o presas no interior do pr\u00e9dio,<\/b> que faz parte de um complexo composto por oito blocos e mais de duas mil casas.&#13;\n<\/p>\n<p>&#13;<br \/>\nEntre as v\u00edtimas mortais est\u00e1 um bombeiro que combatia as chamas.&#13;\n<\/p>\n<p>&#13;<br \/>\nAlguns bombeiros tamb\u00e9m ficaram feridos ao tentar apagar as chamas que consumiram as torres de 31 andares, algumas das quais revestidas com andaimes de bambu.&#13;\n<\/p>\n<p>Hong Kong \u00e9 um dos \u00faltimos lugares do mundo onde <b>o bambu ainda \u00e9 amplamente utilizado para andaimes na constru\u00e7\u00e3o civil<\/b>.<\/p>\n<p>          <img decoding=\"async\" itemprop=\"image\" class=\"img-fluid\"   src=\"https:\/\/www.europesays.com\/pt\/wp-content\/uploads\/2025\/11\/4a7c4d78c9d303613d66b99609247884_N.jpg\"\/><\/p>\n<p>\nOs bombeiros ainda n\u00e3o t\u00eam uma estimativa do n\u00famero de pessoas que estar\u00e1 no interior dos edif\u00edcios, de acordo com a ag\u00eancia Reuters.<\/p>\n<p>O servi\u00e7o de combate a inc\u00eandios de Hong Kong <b>aconselha &#8220;os moradores da vizinhan\u00e7a a permanecerem em casa, fecharem as portas e janelas e manterem a calma&#8221;<\/b>.<\/p>\n<p>O alerta para o inc\u00eandio no complexo residencial Wang Fuk Court, no distrito de Tai Po, foi recebido pelas autoridades \u00e0s 14h51 locais (06h51 em Lisboa).<\/p>\n<p>O Departamento de Transportes de Hong Kong informou que, devido ao inc\u00eandio, uma sec\u00e7\u00e3o da estrada Tai Po, uma das duas principais rodovias de Hong Kong, foi fechada e os autocarros est\u00e3o a ser desviados.<\/p>\n<p>No m\u00eas passado, um inc\u00eandio no andaime de um edif\u00edcio no centro financeiro de Hong Kong deixou quatro feridos.<\/p>\n<p>&#13;<br \/>\nc\/ ag\u00eancias&#13;<\/p>\n","protected":false},"excerpt":{"rendered":"Um grande inc\u00eandio num edif\u00edcio residencial em Hong Kong causou pelo menos 13 mortos e um n\u00famero indeterminado&hellip;\n","protected":false},"author":2,"featured_media":165915,"comment_status":"","ping_status":"","sticky":false,"template":"","format":"standard","meta":{"footnotes":""},"categories":[50],"tags":[27,28,18771,15,16,14,12212,625,25,26,21,22,62,12,13,19,20,23,24,17,18,29,30,31,63,64,65],"class_list":{"0":"post-165914","1":"post","2":"type-post","3":"status-publish","4":"format-standard","5":"has-post-thumbnail","7":"category-mundo","8":"tag-breaking-news","9":"tag-breakingnews","10":"tag-edificio","11":"tag-featured-news","12":"tag-featurednews","13":"tag-headlines","14":"tag-hong-kong","15":"tag-incendio","16":"tag-latest-news","17":"tag-latestnews","18":"tag-main-news","19":"tag-mainnews","20":"tag-mundo","21":"tag-news","22":"tag-noticias","23":"tag-noticias-principais","24":"tag-noticiasprincipais","25":"tag-principais-noticias","26":"tag-principaisnoticias","27":"tag-top-stories","28":"tag-topstories","29":"tag-ultimas","30":"tag-ultimas-noticias","31":"tag-ultimasnoticias","32":"tag-world","33":"tag-world-news","34":"tag-worldnews"},"share_on_mastodon":{"url":"https:\/\/pubeurope.com\/@pt\/115616554011158388","error":""},"_links":{"self":[{"href":"https:\/\/www.europesays.com\/pt\/wp-json\/wp\/v2\/posts\/165914","targetHints":{"allow":["GET"]}}],"collection":[{"href":"https:\/\/www.europesays.com\/pt\/wp-json\/wp\/v2\/posts"}],"about":[{"href":"https:\/\/www.europesays.com\/pt\/wp-json\/wp\/v2\/types\/post"}],"author":[{"embeddable":true,"href":"https:\/\/www.europesays.com\/pt\/wp-json\/wp\/v2\/users\/2"}],"replies":[{"embeddable":true,"href":"https:\/\/www.europesays.com\/pt\/wp-json\/wp\/v2\/comments?post=165914"}],"version-history":[{"count":0,"href":"https:\/\/www.europesays.com\/pt\/wp-json\/wp\/v2\/posts\/165914\/revisions"}],"wp:featuredmedia":[{"embeddable":true,"href":"https:\/\/www.europesays.com\/pt\/wp-json\/wp\/v2\/media\/165915"}],"wp:attachment":[{"href":"https:\/\/www.europesays.com\/pt\/wp-json\/wp\/v2\/media?parent=165914"}],"wp:term":[{"taxonomy":"category","embeddable":true,"href":"https:\/\/www.europesays.com\/pt\/wp-json\/wp\/v2\/categories?post=165914"},{"taxonomy":"post_tag","embeddable":true,"href":"https:\/\/www.europesays.com\/pt\/wp-json\/wp\/v2\/tags?post=165914"}],"curies":[{"name":"wp","href":"https:\/\/api.w.org\/{rel}","templated":true}]}}