{"id":165916,"date":"2025-11-26T14:49:10","date_gmt":"2025-11-26T14:49:10","guid":{"rendered":"https:\/\/www.europesays.com\/pt\/165916\/"},"modified":"2025-11-26T14:49:10","modified_gmt":"2025-11-26T14:49:10","slug":"um-debate-sobre-corrupcao-entre-ventura-o-xerife-e-agitador-mor-do-reino-e-mendes-a-marioneta-do-governo","status":"publish","type":"post","link":"https:\/\/www.europesays.com\/pt\/165916\/","title":{"rendered":"Um debate sobre corrup\u00e7\u00e3o entre Ventura, o &#8220;xerife&#8221; e &#8220;agitador-mor do Reino&#8221;, e Mendes, a &#8220;marioneta do Governo&#8221;"},"content":{"rendered":"<p>Era um debate importante e Lu\u00eds Marques Mendes escolheu entrar ao ataque. Para isso, foi munido de uma proposta num tema que \u00e9 o tema-chav\u00e3o de Andr\u00e9 Ventura: o combate \u00e0 corrup\u00e7\u00e3o. Organizar um Conselho de Estado dedicado \u00e0 justi\u00e7a e combate \u00e0 corrup\u00e7\u00e3o, depois de ouvido o presidente do Supremo, o diretor da Pol\u00edcia Judici\u00e1ria e o Procurador-Geral da Rep\u00fablica, <strong>foi a proposta &#8220;concreta&#8221;<\/strong> levada para o debate por Lu\u00eds Marques Mendes, numa tentativa de evidenciar que o candidato Andr\u00e9 Ventura <strong>diz que &#8220;todos s\u00e3o corruptos&#8221;, mas depois n\u00e3o prop\u00f5e solu\u00e7\u00f5es<\/strong>. Ventura ripostaria: &#8220;Se acha que \u00e9 um Conselho de Estado que vai resolver o problema da corrup\u00e7\u00e3o, ent\u00e3o vai fazer o mesmo que todos os outros: nada&#8221;.<\/p>\n<p><a href=\"https:\/\/expresso.pt\/subscrever?action=GEN&amp;channel=VID&amp;type=CAP&amp;source=WEB&amp;returnUrl=https:\/\/expresso.pt\/politica\/eleicoes\/presidenciais-2026\/2025-11-25-um-debate-sobre-corrupcao-entre-ventura-o-xerife-e-agitador-mor-do-reino-e-mendes-a-marioneta-do-governo-fbd0cb1d-1&amp;utm_source=expresso&amp;utm_medium=locked_article&amp;locked=true&amp;article_id=a52d8f70-d471-4dac-8289-cdb34f372288&amp;author_id=Rita+Dinis&amp;category=Presidenciais+2026\" target=\"_self\" class=\"\" rel=\"nofollow noopener\">Subscrever<\/a>J\u00e1 \u00e9 Subscritor?Fa\u00e7a login e continue a ler<a href=\"http:\/\/expresso.pt\/codigo?redirectUrl=https:\/\/expresso.pt\/politica\/eleicoes\/presidenciais-2026\/2025-11-25-um-debate-sobre-corrupcao-entre-ventura-o-xerife-e-agitador-mor-do-reino-e-mendes-a-marioneta-do-governo-fbd0cb1d-1\" target=\"_self\" class=\"\" rel=\"nofollow noopener\">Inserir C\u00f3digo<\/a>Comprou o Expresso?Insira o c\u00f3digo presente na Revista E para continuar a ler<\/p>\n","protected":false},"excerpt":{"rendered":"Era um debate importante e Lu\u00eds Marques Mendes escolheu entrar ao ataque. Para isso, foi munido de uma&hellip;\n","protected":false},"author":2,"featured_media":165917,"comment_status":"","ping_status":"","sticky":false,"template":"","format":"standard","meta":{"footnotes":""},"categories":[10],"tags":[27,28,15,16,14,25,26,21,22,12,13,19,20,32,23,24,33,17,18,29,30,31],"class_list":{"0":"post-165916","1":"post","2":"type-post","3":"status-publish","4":"format-standard","5":"has-post-thumbnail","7":"category-portugal","8":"tag-breaking-news","9":"tag-breakingnews","10":"tag-featured-news","11":"tag-featurednews","12":"tag-headlines","13":"tag-latest-news","14":"tag-latestnews","15":"tag-main-news","16":"tag-mainnews","17":"tag-news","18":"tag-noticias","19":"tag-noticias-principais","20":"tag-noticiasprincipais","21":"tag-portugal","22":"tag-principais-noticias","23":"tag-principaisnoticias","24":"tag-pt","25":"tag-top-stories","26":"tag-topstories","27":"tag-ultimas","28":"tag-ultimas-noticias","29":"tag-ultimasnoticias"},"share_on_mastodon":{"url":"https:\/\/pubeurope.com\/@pt\/115616557562379120","error":""},"_links":{"self":[{"href":"https:\/\/www.europesays.com\/pt\/wp-json\/wp\/v2\/posts\/165916","targetHints":{"allow":["GET"]}}],"collection":[{"href":"https:\/\/www.europesays.com\/pt\/wp-json\/wp\/v2\/posts"}],"about":[{"href":"https:\/\/www.europesays.com\/pt\/wp-json\/wp\/v2\/types\/post"}],"author":[{"embeddable":true,"href":"https:\/\/www.europesays.com\/pt\/wp-json\/wp\/v2\/users\/2"}],"replies":[{"embeddable":true,"href":"https:\/\/www.europesays.com\/pt\/wp-json\/wp\/v2\/comments?post=165916"}],"version-history":[{"count":0,"href":"https:\/\/www.europesays.com\/pt\/wp-json\/wp\/v2\/posts\/165916\/revisions"}],"wp:featuredmedia":[{"embeddable":true,"href":"https:\/\/www.europesays.com\/pt\/wp-json\/wp\/v2\/media\/165917"}],"wp:attachment":[{"href":"https:\/\/www.europesays.com\/pt\/wp-json\/wp\/v2\/media?parent=165916"}],"wp:term":[{"taxonomy":"category","embeddable":true,"href":"https:\/\/www.europesays.com\/pt\/wp-json\/wp\/v2\/categories?post=165916"},{"taxonomy":"post_tag","embeddable":true,"href":"https:\/\/www.europesays.com\/pt\/wp-json\/wp\/v2\/tags?post=165916"}],"curies":[{"name":"wp","href":"https:\/\/api.w.org\/{rel}","templated":true}]}}