{"id":165918,"date":"2025-11-26T14:50:19","date_gmt":"2025-11-26T14:50:19","guid":{"rendered":"https:\/\/www.europesays.com\/pt\/165918\/"},"modified":"2025-11-26T14:50:19","modified_gmt":"2025-11-26T14:50:19","slug":"conduta-inapropriada-filipe-melo-instado-a-retratar-se-e-a-repensar-continuacao-na-mesa","status":"publish","type":"post","link":"https:\/\/www.europesays.com\/pt\/165918\/","title":{"rendered":"&#8220;Conduta inapropriada&#8221;. Filipe Melo instado a retratar-se e a repensar continua\u00e7\u00e3o na mesa"},"content":{"rendered":"<p>&#13;<br \/>\nAs recomenda\u00e7\u00f5es constam de um parecer, aprovado ter\u00e7a-feira na comiss\u00e3o parlamentar de Transpar\u00eancia apenas com o voto contra do Chega.&#13;\n<\/p>\n<p>&#13;<br \/>\nSegundo as conclus\u00f5es do parecer, ficou provado, &#8220;n\u00e3o s\u00f3 documentalmente, mas tamb\u00e9m por confiss\u00e3o do pr\u00f3prio (&#8230;) que, no decurso da sess\u00e3o plen\u00e1ria de 25 de setembro de 2025, o Senhor Vice-Secret\u00e1rio da Mesa da Assembleia da Rep\u00fablica, Deputado Filipe Melo,(&#8230;) imediatamente ap\u00f3s <b>ter esbo\u00e7ado um sorriso e olhando em dire\u00e7\u00e3o \u00e0 bancada do lado esquerdo do hemiciclo, gesticulou com a boca<\/b>, contraindo ambos os l\u00e1bios e formando um pequeno orif\u00edcio\/abertura entre os mesmos, durante dois segundos; e<b> fez sinais para calar um(a) Deputado(a) sentado(a) na bancada do lado esquerdo do hemiciclo, encostando o dedo indicador, na vertical, sobre os l\u00e1bios e emitindo \u201cum chiu&#8221;.<\/b>Em causa est\u00e1 uma queixa da deputada do PS Isabel &#13;<br \/>\nMoreira, que acusou Filipe Melo de, na sess\u00e3o plen\u00e1ria de 25 de setembro&#13;<br \/>\nde 2025, lhe ter feito &#8220;gestos considerados desrespeitosos, &#13;<br \/>\ndesignadamente, mandado beijos, e feito sinais para se calar, numa &#13;<br \/>\nalegada tentativa de silenciamento&#8221;. &#13;<br \/>\n&#13;\n<\/p>\n<p>&#13;<br \/>\nO incidente em causa levou o presidente da Assembleia da Rep\u00fablica, Jos\u00e9 Pedro Aguiar-Branco, a pedir \u00e0 Comiss\u00e3o de Transpar\u00eancia que abrisse um inqu\u00e9rito a Filipe Melo.&#13;\n<\/p>\n<p>&#13;<br \/>\nA comiss\u00e3o parlamentar considerou\u00a0que estes &#8220;<b>s\u00e3o comportamentos que um membro da Mesa em exerc\u00edcio n\u00e3o pode ter&#8221;, visto que &#8220;n\u00e3o s\u00f3 n\u00e3o preservam a dignidade e a credibilidade do \u00f3rg\u00e3o de soberania Assembleia da Rep\u00fablica nem prestigiam a institui\u00e7\u00e3o parlamentar, como tamb\u00e9m comprometem a isen\u00e7\u00e3o, a imparcialidade e o rigor na condu\u00e7\u00e3o dos trabalhos pela Mesa, para al\u00e9m de afetar o dever de urbanidade e do respeito que \u00e9 devido entre Deputados(as)&#8221;.<\/b><\/p>\n<p>Por esse motivo, o parecer conclui que <b>Filipe Melo &#8220;incorreu em viola\u00e7\u00e3o grave dos deveres dos Deputados&#8221;, ao ter um &#8220;comportamento inaceit\u00e1vel e indigno&#8221;.<\/b>&#13;\n<\/p>\n<p>&#13;<br \/>\nA Comiss\u00e3o da Transpar\u00eancia refere ainda que, apesar de o deputado do Chega ter alegado, numa audi\u00e7\u00e3o \u00e0 porta fechada, que se tinha retratado do comportamento, &#8220;a verdade \u00e9 que <b>em momento algum revelou arrependimento ou remorso pela conduta impr\u00f3pria e inadequada que teve, muito embora tivesse admitido que errou&#8221;.&#13;<br \/>\n<\/b>&#13;\n<\/p>\n<p>&#13;<br \/>\nNo parecer, refere-se que n<b>\u00e3o s\u00f3 Filipe Melo n\u00e3o pediu desculpa &#8220;ou se lamentou do comportamento que teve&#8221;, como tamb\u00e9m &#8220;as suas condutas anteriores, contempor\u00e2neas e posteriores \u00e0 audi\u00e7\u00e3o parlamentar&#8221;, que se realizou em 14 de outubro, &#8220;demonstram que n\u00e3o houve nenhum tipo de arrependimento&#8221;.<\/b>A Comiss\u00e3o de Transpar\u00eancia recomenda ent\u00e3o a Filipe&#13;<br \/>\nMelo &#8220;a ponderar, em consci\u00eancia, se tem efetivas condi\u00e7\u00f5es para &#13;<br \/>\ncontinuar a exercer as suas fun\u00e7\u00f5es como membro da Mesa da Assembleia da&#13;<br \/>\nRep\u00fablica&#8221;.&#13;<br \/>\n&#13;\n<\/p>\n<p>&#13;<br \/>\n<b>Isnta tamb\u00e9m o deputado &#8220;a retratar-se publicamente, mediante a apresenta\u00e7\u00e3o de um pedido de desculpas formal perante o plen\u00e1rio da Assembleia da Rep\u00fablica, pela conduta inapropriada que teve na sess\u00e3o plen\u00e1ria de 25 de setembro&#8221;.&#13;<br \/>\n<\/b>&#13;\n<\/p>\n<p>&#13;<br \/>\n&#8220;A Comiss\u00e3o sugere que Sua Excel\u00eancia o Presidente da Assembleia da Rep\u00fablica possa conceder, <b>no in\u00edcio do Plen\u00e1rio em que deva ocorrer a retrata\u00e7\u00e3o e antes de se iniciar a ordem de trabalhos prevista para essa sess\u00e3o, um tempo adequado para o efeito ao Senhor Vice-Secret\u00e1rio da Mesa da Assembleia da Rep\u00fablica, Deputado Filipe Melo&#8221;,<\/b> l\u00ea-se no documento.&#13;\n<\/p>\n<p>&#13;<br \/>\nH\u00e1 ainda outra queixa na Comiss\u00e3o da Transpar\u00eancia contra Filipe Melo, da deputada do PS Eva Cruzeiro que o acusa de lhe ter gritado palavras racistas e xen\u00f3fobas, e que tamb\u00e9m j\u00e1 teve despacho favor\u00e1vel do presidente da Assembleia da Rep\u00fablica.<\/p>\n<p>c\/ Lusa<br \/>&#13;<\/p>\n","protected":false},"excerpt":{"rendered":"&#13; As recomenda\u00e7\u00f5es constam de um parecer, aprovado ter\u00e7a-feira na comiss\u00e3o parlamentar de Transpar\u00eancia apenas com o voto&hellip;\n","protected":false},"author":2,"featured_media":165919,"comment_status":"","ping_status":"","sticky":false,"template":"","format":"standard","meta":{"footnotes":""},"categories":[8],"tags":[35047,27,28,1736,15,16,14,25,26,21,22,17763,12,13,19,20,32,23,24,33,17,18,29,30,31],"class_list":{"0":"post-165918","1":"post","2":"type-post","3":"status-publish","4":"format-standard","5":"has-post-thumbnail","7":"category-principais-noticias","8":"tag-aguiar","9":"tag-breaking-news","10":"tag-breakingnews","11":"tag-chega","12":"tag-featured-news","13":"tag-featurednews","14":"tag-headlines","15":"tag-latest-news","16":"tag-latestnews","17":"tag-main-news","18":"tag-mainnews","19":"tag-melo","20":"tag-news","21":"tag-noticias","22":"tag-noticias-principais","23":"tag-noticiasprincipais","24":"tag-portugal","25":"tag-principais-noticias","26":"tag-principaisnoticias","27":"tag-pt","28":"tag-top-stories","29":"tag-topstories","30":"tag-ultimas","31":"tag-ultimas-noticias","32":"tag-ultimasnoticias"},"share_on_mastodon":{"url":"https:\/\/pubeurope.com\/@pt\/115616561531182785","error":""},"_links":{"self":[{"href":"https:\/\/www.europesays.com\/pt\/wp-json\/wp\/v2\/posts\/165918","targetHints":{"allow":["GET"]}}],"collection":[{"href":"https:\/\/www.europesays.com\/pt\/wp-json\/wp\/v2\/posts"}],"about":[{"href":"https:\/\/www.europesays.com\/pt\/wp-json\/wp\/v2\/types\/post"}],"author":[{"embeddable":true,"href":"https:\/\/www.europesays.com\/pt\/wp-json\/wp\/v2\/users\/2"}],"replies":[{"embeddable":true,"href":"https:\/\/www.europesays.com\/pt\/wp-json\/wp\/v2\/comments?post=165918"}],"version-history":[{"count":0,"href":"https:\/\/www.europesays.com\/pt\/wp-json\/wp\/v2\/posts\/165918\/revisions"}],"wp:featuredmedia":[{"embeddable":true,"href":"https:\/\/www.europesays.com\/pt\/wp-json\/wp\/v2\/media\/165919"}],"wp:attachment":[{"href":"https:\/\/www.europesays.com\/pt\/wp-json\/wp\/v2\/media?parent=165918"}],"wp:term":[{"taxonomy":"category","embeddable":true,"href":"https:\/\/www.europesays.com\/pt\/wp-json\/wp\/v2\/categories?post=165918"},{"taxonomy":"post_tag","embeddable":true,"href":"https:\/\/www.europesays.com\/pt\/wp-json\/wp\/v2\/tags?post=165918"}],"curies":[{"name":"wp","href":"https:\/\/api.w.org\/{rel}","templated":true}]}}