{"id":165920,"date":"2025-11-26T14:51:14","date_gmt":"2025-11-26T14:51:14","guid":{"rendered":"https:\/\/www.europesays.com\/pt\/165920\/"},"modified":"2025-11-26T14:51:14","modified_gmt":"2025-11-26T14:51:14","slug":"carolina-dieckmann-posa-com-look-que-evidencia-silhueta","status":"publish","type":"post","link":"https:\/\/www.europesays.com\/pt\/165920\/","title":{"rendered":"Carolina Dieckmann posa com look que evidencia silhueta"},"content":{"rendered":"<p class=\"bullet mt-0\" data-v-232111b4=\"\">Carolina Dieckmann, 47, come\u00e7ou o dia em clima de leveza durante sua passagem por Lisboa, em Portugal.<\/p>\n<p>O que aconteceu<\/p>\n<p class=\"bullet\" data-v-232111b4=\"\"><strong>Logo cedo, a atriz dividiu com os seguidores um pouco da rotina na viagem e mostrou o visual escolhido para aproveitar a manh\u00e3. <\/strong>Nos Stories, Dieckmann surgiu usando uma cal\u00e7a jeans de cintura alta e bem ajustada ao corpo, combinada com um cropped que deixou evidente sua barriga chapada. Ao exibir o look em v\u00eddeo, ela n\u00e3o poupou elogios \u00e0 pe\u00e7a: &#8220;Cal\u00e7a jeans perfeita&#8221;, afirmou.<\/p>\n<p class=\"bullet\" data-v-232111b4=\"\"><strong>Mais cedo, a artista havia desejado um &#8220;bom dia&#8221; aos f\u00e3s com uma foto ainda na cama, vestindo um roup\u00e3o. <\/strong>Em seguida, apareceu j\u00e1 pronta e com um caf\u00e9 na m\u00e3o, aproveitando a tranquilidade do passeio.<\/p>\n","protected":false},"excerpt":{"rendered":"Carolina Dieckmann, 47, come\u00e7ou o dia em clima de leveza durante sua passagem por Lisboa, em Portugal. O&hellip;\n","protected":false},"author":2,"featured_media":165921,"comment_status":"","ping_status":"","sticky":false,"template":"","format":"standard","meta":{"footnotes":""},"categories":[145],"tags":[211,210,114,115,32,33],"class_list":{"0":"post-165920","1":"post","2":"type-post","3":"status-publish","4":"format-standard","5":"has-post-thumbnail","7":"category-celebridades","8":"tag-celebridades","9":"tag-celebrities","10":"tag-entertainment","11":"tag-entretenimento","12":"tag-portugal","13":"tag-pt"},"share_on_mastodon":{"url":"https:\/\/pubeurope.com\/@pt\/115616565387739577","error":""},"_links":{"self":[{"href":"https:\/\/www.europesays.com\/pt\/wp-json\/wp\/v2\/posts\/165920","targetHints":{"allow":["GET"]}}],"collection":[{"href":"https:\/\/www.europesays.com\/pt\/wp-json\/wp\/v2\/posts"}],"about":[{"href":"https:\/\/www.europesays.com\/pt\/wp-json\/wp\/v2\/types\/post"}],"author":[{"embeddable":true,"href":"https:\/\/www.europesays.com\/pt\/wp-json\/wp\/v2\/users\/2"}],"replies":[{"embeddable":true,"href":"https:\/\/www.europesays.com\/pt\/wp-json\/wp\/v2\/comments?post=165920"}],"version-history":[{"count":0,"href":"https:\/\/www.europesays.com\/pt\/wp-json\/wp\/v2\/posts\/165920\/revisions"}],"wp:featuredmedia":[{"embeddable":true,"href":"https:\/\/www.europesays.com\/pt\/wp-json\/wp\/v2\/media\/165921"}],"wp:attachment":[{"href":"https:\/\/www.europesays.com\/pt\/wp-json\/wp\/v2\/media?parent=165920"}],"wp:term":[{"taxonomy":"category","embeddable":true,"href":"https:\/\/www.europesays.com\/pt\/wp-json\/wp\/v2\/categories?post=165920"},{"taxonomy":"post_tag","embeddable":true,"href":"https:\/\/www.europesays.com\/pt\/wp-json\/wp\/v2\/tags?post=165920"}],"curies":[{"name":"wp","href":"https:\/\/api.w.org\/{rel}","templated":true}]}}