{"id":165924,"date":"2025-11-26T14:57:21","date_gmt":"2025-11-26T14:57:21","guid":{"rendered":"https:\/\/www.europesays.com\/pt\/165924\/"},"modified":"2025-11-26T14:57:21","modified_gmt":"2025-11-26T14:57:21","slug":"martinez-em-londres-selecionador-elogia-estevao-e-pedro-neto-apos-triunfo-do-chelsea-sobre-o-barcelona","status":"publish","type":"post","link":"https:\/\/www.europesays.com\/pt\/165924\/","title":{"rendered":"Mart\u00ednez em Londres: selecionador elogia Est\u00eav\u00e3o e Pedro Neto ap\u00f3s triunfo do Chelsea sobre o Barcelona"},"content":{"rendered":"<p data-remotead-prev-elm=\"true\" data-remotead-elm-id=\"inread\">Roberto Mart\u00ednez, selecionador da equipa nacional de Portugal, marcou presen\u00e7a esta ter\u00e7a-feira em Stamford Bridge, em Londres, com fun\u00e7\u00f5es de comentador para a Amazon Prime Video. A goleada do Chelsea por 3-0 frente ao Barcelona, na Liga dos Campe\u00f5es, permitiu-lhe observar de perto o internacional portugu\u00eas Pedro Neto, que continua sob avalia\u00e7\u00e3o para as pr\u00f3ximas convocat\u00f3rias das Quinas, com vista ao Mundial.<\/p>\n<p><img decoding=\"async\" class=\"ngx-body\" guid=\"a71227f0-3b86-40c2-bd7b-0a4be1474de7\" src=\"https:\/\/www.europesays.com\/pt\/wp-content\/uploads\/2025\/11\/1764169041_990_image.webp\" width=\"100%\"\/><\/p>\n<p>Ao analisar o encontro, em o t\u00e9cnico espanhol destacou desde logo a forma como o Chelsea controlou o rival catal\u00e3o do in\u00edcio ao fim, notando que a expuls\u00e3o de Ronald Ara\u00fajo antes do intervalo apenas retirou algum brilho \u00e0 exibi\u00e7\u00e3o londrina:<\/p>\n<p data-remotead-prev-elm=\"true\" data-remotead-elm-id=\"centro1\">&#8220;O cart\u00e3o vermelho para o Barcelona rouba algum do brilho \u00e0 vit\u00f3ria do Chelsea porque a exibi\u00e7\u00e3o foi completa. Foram dominantes. Com ou sem cart\u00e3o vermelho, o Chelsea foi muito superior, desde a ideia do treinador antes do jogo \u00e0 execu\u00e7\u00e3o&#8221;, sublinhou.<\/p>\n<p>Lamine Yamal travado: &#8220;Sem tempo&#8230; sem espa\u00e7o&#8221;<\/p>\n<p>Mart\u00ednez elogiou a atua\u00e7\u00e3o do lateral espanhol Marc Cucurella, que teve sucesso ao anular o jovem talento do Barcelona, Lamine Yamal: &#8220;Como \u00e9 que vais parar o Lamine Yamal? Ele tenta sempre obrig\u00e1-lo a ir por fora e depois \u00e9 r\u00e1pido e reage r\u00e1pido. Quer que ele perceba que n\u00e3o vai ter tempo.&#8221;<\/p>\n<p>&#8220;No momento em que a bola \u00e9 jogada, ele vai ser agressivo e recuperar a posse. Ele sabe que \u00e9 r\u00e1pido, \u00e1gil e que consegue lidar com ele&#8221;, acrescentou Roberto, sem esquecer o papel do jovem brasileiro Est\u00eav\u00e3o.<\/p>\n<p data-remotead-prev-elm=\"true\" data-remotead-elm-id=\"centro2\">Apesar de n\u00e3o se ter referido diretamente a Pedro Neto, o selecionador nacional teve oportunidade de observar o portugu\u00eas em contexto de alt\u00edssima exig\u00eancia, sinal positivo para quem disputa lugar firme nas suas op\u00e7\u00f5es.<\/p>\n<p>Com esta vit\u00f3ria categ\u00f3rica, o Chelsea refor\u00e7a a lideran\u00e7a do grupo da Champions e d\u00e1 sinais de grande for\u00e7a nesta fase da temporada. Para Roberto Mart\u00ednez, estes duelos ao mais alto n\u00edvel europeu continuam a ser essenciais na avalia\u00e7\u00e3o dos portugueses que poder\u00e3o assumir protagonismo na sele\u00e7\u00e3o.<\/p>\n","protected":false},"excerpt":{"rendered":"Roberto Mart\u00ednez, selecionador da equipa nacional de Portugal, marcou presen\u00e7a esta ter\u00e7a-feira em Stamford Bridge, em Londres, com&hellip;\n","protected":false},"author":2,"featured_media":165925,"comment_status":"","ping_status":"","sticky":false,"template":"","format":"standard","meta":{"footnotes":""},"categories":[87],"tags":[1235,904,135,35048,32,33,12996,134],"class_list":{"0":"post-165924","1":"post","2":"type-post","3":"status-publish","4":"format-standard","5":"has-post-thumbnail","7":"category-desporto","8":"tag-barcelona","9":"tag-chelsea","10":"tag-desporto","11":"tag-liga-das-nacoes","12":"tag-portugal","13":"tag-pt","14":"tag-roberto-martinez","15":"tag-sports"},"share_on_mastodon":{"url":"https:\/\/pubeurope.com\/@pt\/115616589167692228","error":""},"_links":{"self":[{"href":"https:\/\/www.europesays.com\/pt\/wp-json\/wp\/v2\/posts\/165924","targetHints":{"allow":["GET"]}}],"collection":[{"href":"https:\/\/www.europesays.com\/pt\/wp-json\/wp\/v2\/posts"}],"about":[{"href":"https:\/\/www.europesays.com\/pt\/wp-json\/wp\/v2\/types\/post"}],"author":[{"embeddable":true,"href":"https:\/\/www.europesays.com\/pt\/wp-json\/wp\/v2\/users\/2"}],"replies":[{"embeddable":true,"href":"https:\/\/www.europesays.com\/pt\/wp-json\/wp\/v2\/comments?post=165924"}],"version-history":[{"count":0,"href":"https:\/\/www.europesays.com\/pt\/wp-json\/wp\/v2\/posts\/165924\/revisions"}],"wp:featuredmedia":[{"embeddable":true,"href":"https:\/\/www.europesays.com\/pt\/wp-json\/wp\/v2\/media\/165925"}],"wp:attachment":[{"href":"https:\/\/www.europesays.com\/pt\/wp-json\/wp\/v2\/media?parent=165924"}],"wp:term":[{"taxonomy":"category","embeddable":true,"href":"https:\/\/www.europesays.com\/pt\/wp-json\/wp\/v2\/categories?post=165924"},{"taxonomy":"post_tag","embeddable":true,"href":"https:\/\/www.europesays.com\/pt\/wp-json\/wp\/v2\/tags?post=165924"}],"curies":[{"name":"wp","href":"https:\/\/api.w.org\/{rel}","templated":true}]}}