{"id":165938,"date":"2025-11-26T15:16:07","date_gmt":"2025-11-26T15:16:07","guid":{"rendered":"https:\/\/www.europesays.com\/pt\/165938\/"},"modified":"2025-11-26T15:16:07","modified_gmt":"2025-11-26T15:16:07","slug":"estao-a-ucrania-e-a-russia-mesmo-proximas-de-um-acordo-kremlin-diz-que-e-prematuro","status":"publish","type":"post","link":"https:\/\/www.europesays.com\/pt\/165938\/","title":{"rendered":"Est\u00e3o a Ucr\u00e2nia e a R\u00fassia mesmo pr\u00f3ximas de um acordo? Kremlin diz que \u00e9 &#8220;prematuro&#8221;"},"content":{"rendered":"<p>                Nos \u00faltimos dois dias, surgiram esperan\u00e7as de uma paz na Ucr\u00e2nia, quase tr\u00eas anos depois do in\u00edcio do conflito.<\/p>\n<p>A Casa Branca anunciou que foram feitos &#8220;progressos enormes&#8221;, apesar de ainda existirem alguns \u201cpontos delicados\u201d, e o presidente ucraniano, Volodymyr Zelensky, tamb\u00e9m confirmou que estava disposto a avan\u00e7ar com o plano de paz ap\u00f3s discuss\u00f5es com o seu hom\u00f3logo norte-americano, Donald Trump, e aliados.<\/p>\n<p><b>No entanto, apesar da recente onda de diplomacia e da vers\u00e3o otimista da Administra\u00e7\u00e3o Trump, \u00e9 dif\u00edcil dizer se um acordo est\u00e1 realmente pr\u00f3ximo de ser conclu\u00eddo. <\/b><\/p>\n<p>O porta-voz do Kremlin, Dmitry Peskov, disse esta quarta-feira que \u00e9 ainda cedo para falar sobre a possibilidade de um acordo de paz na Ucr\u00e2nia num futuro pr\u00f3ximo.<br \/>&#13;<br \/>\n<b><br \/>&#13;<br \/>\n\u201cAinda \u00e9 prematuro dizer isso\u201d, respondeu Peskov aos jornalistas, quando questionado se um acordo de paz estava pr\u00f3ximo.<\/b><\/p>\n<p>Uma fonte ucraniana de alto escal\u00e3o com conhecimento direto das negocia\u00e7\u00f5es disse \u00e0 <a href=\"https:\/\/edition.cnn.com\/2025\/11\/25\/europe\/us-ukraine-peace-talks-obstacles-analysis-intl-hnk\" target=\"_blank\" rel=\"nofollow noopener\">CNN <\/a>que ainda existem lacunas significativas entre o que o Governo de Trump est\u00e1 a exigir \u00e0 Ucr\u00e2nia e o que Kiev est\u00e1 disposto a aceitar. <\/p>\n<p><b>De acordo com esta fonte, de facto foi alcan\u00e7ado um consenso sobre a maioria das propostas de paz apresentadas pelos EUA, mas ainda existem tr\u00eas \u00e1reas cruciais onde persistem diferen\u00e7as significativas. <\/b><br \/>&#13;<br \/>\nO que divide Kiev e Moscovo?<br \/>&#13;<br \/>\nEm primeiro lugar est\u00e1 a quest\u00e3o do Donbass e se a Ucr\u00e2nia est\u00e1 disposta a ceder territ\u00f3rios-chave nesta regi\u00e3o no leste do pa\u00eds que foram anexados, mas ainda n\u00e3o conquistados pela R\u00fassia.<\/p>\n<p>Propostas anteriores dos EUA previam que a Ucr\u00e2nia entregasse o territ\u00f3rio para que este se tornasse uma zona desmilitarizada administrada pela R\u00fassia.<b> A fonte ucraniana adiantou \u00e0 CNN que houve &#8220;certos progressos&#8221; nesta proposta, mas que ainda n\u00e3o havia sido tomada nenhuma decis\u00e3o sobre o conte\u00fado ou a reda\u00e7\u00e3o das propostas preliminares.\u00a0<\/b>\u201cSeria muito errado dizer que temos agora a vers\u00e3o que \u00e9 aceite pela Ucr\u00e2nia\u201d, disse a mesma fonte, referindo-se ao plano de paz.<\/p>\n<p>Em segundo lugar est\u00e1 a controversa proposta dos EUA que diminui a dimens\u00e3o das for\u00e7as armadas ucranianas para 600 mil soldados.<\/p>\n<p>A fonte ucraniana disse \u00e0 CNN que um novo n\u00famero foi cogitado, mas adianta que Kiev ainda procura novas altera\u00e7\u00f5es antes de concordar com tais limita\u00e7\u00f5es ao seu ex\u00e9rcito.<\/p>\n<p><b>Por fim est\u00e1 a quest\u00e3o da entrada da Ucr\u00e2nia para a NATO. Kiev mant\u00e9m esta como uma das suas principais exig\u00eancias e Moscovo, por sua vez, mant\u00e9m-na como uma linha vermelha. <\/b><\/p>\n<p>&#13;<br \/>\nA fonte ucraniana disse \u00e0 CNN que renunciar a esta ambi\u00e7\u00e3o seria um \u201cmau precedente\u201d e daria \u00e0 R\u00fassia poder de veto sobre a alian\u00e7a militar ocidental, \u201cda qual ela nem sequer \u00e9 membro\u201d.&#13;\n<\/p>\n<p>&#13;<br \/>\nEspera-se novos desenvolvimentos na pr\u00f3xima semana, quando o enviado especial dos EUA, Steve Witkoff, ir\u00e1 viajar para Moscovo para se encontrar com o presidente russo, Vladimir Putin. \u00c9 tamb\u00e9m esperado um encontro entre Volodymyr Zelensky e Donald Trump nos pr\u00f3ximos dias.<br \/>&#13;<\/p>\n","protected":false},"excerpt":{"rendered":"Nos \u00faltimos dois dias, surgiram esperan\u00e7as de uma paz na Ucr\u00e2nia, quase tr\u00eas anos depois do in\u00edcio do&hellip;\n","protected":false},"author":2,"featured_media":165939,"comment_status":"","ping_status":"","sticky":false,"template":"","format":"standard","meta":{"footnotes":""},"categories":[50],"tags":[27,28,413,15,16,830,14,25,26,21,22,62,12,13,19,20,23,24,839,17,18,840,29,30,31,63,64,65],"class_list":{"0":"post-165938","1":"post","2":"type-post","3":"status-publish","4":"format-standard","5":"has-post-thumbnail","7":"category-mundo","8":"tag-breaking-news","9":"tag-breakingnews","10":"tag-eua","11":"tag-featured-news","12":"tag-featurednews","13":"tag-guerra","14":"tag-headlines","15":"tag-latest-news","16":"tag-latestnews","17":"tag-main-news","18":"tag-mainnews","19":"tag-mundo","20":"tag-news","21":"tag-noticias","22":"tag-noticias-principais","23":"tag-noticiasprincipais","24":"tag-principais-noticias","25":"tag-principaisnoticias","26":"tag-russia","27":"tag-top-stories","28":"tag-topstories","29":"tag-ucrania","30":"tag-ultimas","31":"tag-ultimas-noticias","32":"tag-ultimasnoticias","33":"tag-world","34":"tag-world-news","35":"tag-worldnews"},"share_on_mastodon":{"url":"https:\/\/pubeurope.com\/@pt\/115616663671765649","error":""},"_links":{"self":[{"href":"https:\/\/www.europesays.com\/pt\/wp-json\/wp\/v2\/posts\/165938","targetHints":{"allow":["GET"]}}],"collection":[{"href":"https:\/\/www.europesays.com\/pt\/wp-json\/wp\/v2\/posts"}],"about":[{"href":"https:\/\/www.europesays.com\/pt\/wp-json\/wp\/v2\/types\/post"}],"author":[{"embeddable":true,"href":"https:\/\/www.europesays.com\/pt\/wp-json\/wp\/v2\/users\/2"}],"replies":[{"embeddable":true,"href":"https:\/\/www.europesays.com\/pt\/wp-json\/wp\/v2\/comments?post=165938"}],"version-history":[{"count":0,"href":"https:\/\/www.europesays.com\/pt\/wp-json\/wp\/v2\/posts\/165938\/revisions"}],"wp:featuredmedia":[{"embeddable":true,"href":"https:\/\/www.europesays.com\/pt\/wp-json\/wp\/v2\/media\/165939"}],"wp:attachment":[{"href":"https:\/\/www.europesays.com\/pt\/wp-json\/wp\/v2\/media?parent=165938"}],"wp:term":[{"taxonomy":"category","embeddable":true,"href":"https:\/\/www.europesays.com\/pt\/wp-json\/wp\/v2\/categories?post=165938"},{"taxonomy":"post_tag","embeddable":true,"href":"https:\/\/www.europesays.com\/pt\/wp-json\/wp\/v2\/tags?post=165938"}],"curies":[{"name":"wp","href":"https:\/\/api.w.org\/{rel}","templated":true}]}}