{"id":165942,"date":"2025-11-26T15:19:16","date_gmt":"2025-11-26T15:19:16","guid":{"rendered":"https:\/\/www.europesays.com\/pt\/165942\/"},"modified":"2025-11-26T15:19:16","modified_gmt":"2025-11-26T15:19:16","slug":"conheca-o-novo-coreografo-da-influenciadora","status":"publish","type":"post","link":"https:\/\/www.europesays.com\/pt\/165942\/","title":{"rendered":"conhe\u00e7a o novo core\u00f3grafo da influenciadora"},"content":{"rendered":"<p class=\"bullet mt-0\" data-v-232111b4=\"\">Carlinhos Salgueiro, 53, est\u00e1 com uma miss\u00e3o at\u00e9 fevereiro do pr\u00f3ximo ano: aprimorar o samba da influenciadora Virginia Fonseca, 25.<\/p>\n<p>O que aconteceu<\/p>\n<p class=\"bullet\" data-v-232111b4=\"\"><strong>Virginia \u00e9 a atual rainha de bateria da Grande Rio. <\/strong>O artista anunciou ontem que assumir\u00e1 oficialmente as aulas de dan\u00e7a em uma nova fase do projeto, ocupando o posto que antes era de Luciane Santinha.<\/p>\n<p class=\"bullet\" data-v-232111b4=\"\"><strong>O nome de Carlinhos ganhou destaque ap\u00f3s in\u00fameros pedidos para que ele comandasse o treinamento<\/strong>. &#8220;Chegou o momento, tenho que contar para voc\u00eas. Depois de tantas marca\u00e7\u00f5es, finalmente aconteceu: a produ\u00e7\u00e3o e a escola me convidaram para fazer a segunda etapa do projeto Virginia. Santinha fez a primeira parte, foi incr\u00edvel, e eu agora fa\u00e7o a segunda. Obrigado a voc\u00eas que tanto me marcaram nos v\u00eddeos. Obrigado, presidente Andr\u00e9 (Vaz, do Salgueiro), por autorizar, e obrigado, presidente Jayder (Soares, da Grande Rio), pela confian\u00e7a. A todos que me marcaram, vou dar o meu melhor&#8221;, declarou ele na publica\u00e7\u00e3o em que aparece ensinando Virginia.<\/p>\n","protected":false},"excerpt":{"rendered":"Carlinhos Salgueiro, 53, est\u00e1 com uma miss\u00e3o at\u00e9 fevereiro do pr\u00f3ximo ano: aprimorar o samba da influenciadora Virginia&hellip;\n","protected":false},"author":2,"featured_media":165943,"comment_status":"","ping_status":"","sticky":false,"template":"","format":"standard","meta":{"footnotes":""},"categories":[145],"tags":[211,210,114,115,32,33],"class_list":{"0":"post-165942","1":"post","2":"type-post","3":"status-publish","4":"format-standard","5":"has-post-thumbnail","7":"category-celebridades","8":"tag-celebridades","9":"tag-celebrities","10":"tag-entertainment","11":"tag-entretenimento","12":"tag-portugal","13":"tag-pt"},"share_on_mastodon":{"url":"https:\/\/pubeurope.com\/@pt\/115616675474627655","error":""},"_links":{"self":[{"href":"https:\/\/www.europesays.com\/pt\/wp-json\/wp\/v2\/posts\/165942","targetHints":{"allow":["GET"]}}],"collection":[{"href":"https:\/\/www.europesays.com\/pt\/wp-json\/wp\/v2\/posts"}],"about":[{"href":"https:\/\/www.europesays.com\/pt\/wp-json\/wp\/v2\/types\/post"}],"author":[{"embeddable":true,"href":"https:\/\/www.europesays.com\/pt\/wp-json\/wp\/v2\/users\/2"}],"replies":[{"embeddable":true,"href":"https:\/\/www.europesays.com\/pt\/wp-json\/wp\/v2\/comments?post=165942"}],"version-history":[{"count":0,"href":"https:\/\/www.europesays.com\/pt\/wp-json\/wp\/v2\/posts\/165942\/revisions"}],"wp:featuredmedia":[{"embeddable":true,"href":"https:\/\/www.europesays.com\/pt\/wp-json\/wp\/v2\/media\/165943"}],"wp:attachment":[{"href":"https:\/\/www.europesays.com\/pt\/wp-json\/wp\/v2\/media?parent=165942"}],"wp:term":[{"taxonomy":"category","embeddable":true,"href":"https:\/\/www.europesays.com\/pt\/wp-json\/wp\/v2\/categories?post=165942"},{"taxonomy":"post_tag","embeddable":true,"href":"https:\/\/www.europesays.com\/pt\/wp-json\/wp\/v2\/tags?post=165942"}],"curies":[{"name":"wp","href":"https:\/\/api.w.org\/{rel}","templated":true}]}}