{"id":165954,"date":"2025-11-26T15:30:12","date_gmt":"2025-11-26T15:30:12","guid":{"rendered":"https:\/\/www.europesays.com\/pt\/165954\/"},"modified":"2025-11-26T15:30:12","modified_gmt":"2025-11-26T15:30:12","slug":"sarkozy-definitivamente-condenado-a-um-ano-de-prisao-e-seis-meses-de-pena-suspensa","status":"publish","type":"post","link":"https:\/\/www.europesays.com\/pt\/165954\/","title":{"rendered":"Sarkozy definitivamente condenado a um ano de pris\u00e3o e seis meses de pena suspensa"},"content":{"rendered":"<p>                O Tribunal de Cassa\u00e7\u00e3o confimou, esta quarta-feira, <b>a condena\u00e7\u00e3o do ex-presidente franc\u00eas Nicolas Sarkozy no caso Bygmalion, que diz respeito a financiamento ilegal da campanha eleitoral para a reelei\u00e7\u00e3o em 2012<\/b>.Esta \u00e9 a segunda condena\u00e7\u00e3o criminal definitiva no hist\u00f3rico do ex-presidente.<\/p>\n<p>\nNicolas Sarkozy foi condenado a um ano de pris\u00e3o, com seis meses a serem cumpridos, pelo financiamento ilegal da sua campanha presidencial fracassada de 2012. <b>O tribunal determinou medidas alternativas para o cumprimento do restante da pena (como monitoriza\u00e7\u00e3o eletr\u00f3nico)<\/b>.<\/p>\n<p>O ex-l\u00edder da direita francesa prepara-se para o julgamento de apela\u00e7\u00e3o no caso L\u00edbio, agendado para o per\u00edodo de 16 de mar\u00e7o a 3 de junho. Neste caso, ele foi inicialmente condenado a cinco anos de pris\u00e3o, dos quais cumpriu 20 dias.&#13;\n<\/p>\n<p><b>O caso Bygmalion que investigou um sistema de dupla fatura\u00e7\u00e3o e de faturas falsas que tinha como objetivo esconder gastos excessivos na campanha eleitoral<\/b>. Os gastos ter\u00e3o atingido quase o dobro do valor m\u00e1ximo legal na campanha para a reelei\u00e7\u00e3o em 2012, que Sarkozy acabou por perder para Fran\u00e7ois Hollande.<\/p>\n<p>O<b> ex-presidente negou conhecer ou ter beneficiado do sistema de faturas falsas<\/b>. No centro da investiga\u00e7\u00e3o estava a Bigmalion, uma empresa de presta\u00e7\u00e3o de servi\u00e7os.  <\/p>\n<p>Esta \u00e9 a segunda condena\u00e7\u00e3o definitiva de Sarkozy, ap\u00f3s o caso das escutas telef\u00f3nicas.<br \/>&#13;<\/p>\n","protected":false},"excerpt":{"rendered":"O Tribunal de Cassa\u00e7\u00e3o confimou, esta quarta-feira, a condena\u00e7\u00e3o do ex-presidente franc\u00eas Nicolas Sarkozy no caso Bygmalion, que&hellip;\n","protected":false},"author":2,"featured_media":165955,"comment_status":"","ping_status":"","sticky":false,"template":"","format":"standard","meta":{"footnotes":""},"categories":[50],"tags":[27,28,22223,15,16,208,14,25,26,21,22,62,12,21757,13,19,20,3281,23,24,17,18,29,30,31,63,64,65],"class_list":{"0":"post-165954","1":"post","2":"type-post","3":"status-publish","4":"format-standard","5":"has-post-thumbnail","7":"category-mundo","8":"tag-breaking-news","9":"tag-breakingnews","10":"tag-condenado","11":"tag-featured-news","12":"tag-featurednews","13":"tag-franca","14":"tag-headlines","15":"tag-latest-news","16":"tag-latestnews","17":"tag-main-news","18":"tag-mainnews","19":"tag-mundo","20":"tag-news","21":"tag-nicolas-sarkozy","22":"tag-noticias","23":"tag-noticias-principais","24":"tag-noticiasprincipais","25":"tag-presidente","26":"tag-principais-noticias","27":"tag-principaisnoticias","28":"tag-top-stories","29":"tag-topstories","30":"tag-ultimas","31":"tag-ultimas-noticias","32":"tag-ultimasnoticias","33":"tag-world","34":"tag-world-news","35":"tag-worldnews"},"share_on_mastodon":{"url":"https:\/\/pubeurope.com\/@pt\/115616718716578418","error":""},"_links":{"self":[{"href":"https:\/\/www.europesays.com\/pt\/wp-json\/wp\/v2\/posts\/165954","targetHints":{"allow":["GET"]}}],"collection":[{"href":"https:\/\/www.europesays.com\/pt\/wp-json\/wp\/v2\/posts"}],"about":[{"href":"https:\/\/www.europesays.com\/pt\/wp-json\/wp\/v2\/types\/post"}],"author":[{"embeddable":true,"href":"https:\/\/www.europesays.com\/pt\/wp-json\/wp\/v2\/users\/2"}],"replies":[{"embeddable":true,"href":"https:\/\/www.europesays.com\/pt\/wp-json\/wp\/v2\/comments?post=165954"}],"version-history":[{"count":0,"href":"https:\/\/www.europesays.com\/pt\/wp-json\/wp\/v2\/posts\/165954\/revisions"}],"wp:featuredmedia":[{"embeddable":true,"href":"https:\/\/www.europesays.com\/pt\/wp-json\/wp\/v2\/media\/165955"}],"wp:attachment":[{"href":"https:\/\/www.europesays.com\/pt\/wp-json\/wp\/v2\/media?parent=165954"}],"wp:term":[{"taxonomy":"category","embeddable":true,"href":"https:\/\/www.europesays.com\/pt\/wp-json\/wp\/v2\/categories?post=165954"},{"taxonomy":"post_tag","embeddable":true,"href":"https:\/\/www.europesays.com\/pt\/wp-json\/wp\/v2\/tags?post=165954"}],"curies":[{"name":"wp","href":"https:\/\/api.w.org\/{rel}","templated":true}]}}