{"id":165956,"date":"2025-11-26T15:32:08","date_gmt":"2025-11-26T15:32:08","guid":{"rendered":"https:\/\/www.europesays.com\/pt\/165956\/"},"modified":"2025-11-26T15:32:08","modified_gmt":"2025-11-26T15:32:08","slug":"embalo-diz-que-foi-detido-e-os-militares-controlam-pais-observador","status":"publish","type":"post","link":"https:\/\/www.europesays.com\/pt\/165956\/","title":{"rendered":"Embal\u00f3 diz que foi detido e os militares controlam pa\u00eds \u2013 Observador"},"content":{"rendered":"<p>Umaro Sissoco Embal\u00f4 foi detido esta quarta-feira na sequ\u00eancia de um alegado golpe de Estado, tr\u00eas dias depois das elei\u00e7\u00f5es gerais cujos resultados oficiais ainda n\u00e3o foram divulgados. Foi o pr\u00f3prio Presidente da Guin\u00e9-Bissau que o anunciou \u00e0 <a href=\"https:\/\/www.jeuneafrique.com\/1743734\/politique\/guinee-bissau-umaro-sissoco-embalo-se-dit-victime-dun-coup-detat\/\" rel=\"nofollow noopener\" target=\"_blank\">Jeune Afrique<\/a> que noticia ainda que se ouviram tiros perto do pal\u00e1cio presidencial e da comiss\u00e3o eleitoral. No entanto, o Chefe de Estado revelou \u00e0 revista a sua deten\u00e7\u00e3o perto das 12 horas, sem viol\u00eancia.<\/p>\n<p>Sissoco Embal\u00f4 adiantou ainda que o suposto golpe de Estado foi liderado pelo chefe do Estado-Maior do Ex\u00e9rcito mas fonte ligada \u00e0 oposi\u00e7\u00e3o pol\u00edtica afirma ao Observador que os tiros ter\u00e3o sido \u201ca fingir\u201d e que tudo n\u00e3o passar\u00e1 de uma manobra do Presidente para suspender a contagem dos votos. Tanto o atual Presidente como o seu advers\u00e1rio Fernando Dias da Costa t\u00eam reclamado a vit\u00f3ria nas elei\u00e7\u00f5es presidenciais e legislativas que decorreram no domingo. O an\u00fancio dos resultados oficiais est\u00e1 agendado para quinta-feira.<\/p>\n<blockquote class=\"twitter-tweet\" data-width=\"500\" data-dnt=\"true\">\n<p lang=\"fr\" dir=\"ltr\">???? URGENT \u2013 Pr\u00e9sidentielle en Guin\u00e9e-Bissau : des tirs entendus pr\u00e8s du palais pr\u00e9sidentiel apr\u00e8s que les deux camps revendiquent leur victoire <a href=\"https:\/\/t.co\/INWK3OOon4\" rel=\"nofollow\">https:\/\/t.co\/INWK3OOon4<\/a> <a href=\"https:\/\/t.co\/DzAgXEDUui\" rel=\"nofollow\">pic.twitter.com\/DzAgXEDUui<\/a><\/p>\n<p>\u2014 FRANCE 24 \u2013 Urgent (@UrgentF24) <a href=\"https:\/\/twitter.com\/UrgentF24\/status\/1993668701296701808?ref_src=twsrc%5Etfw\" rel=\"nofollow noopener\" target=\"_blank\">November 26, 2025<\/a><\/p>\n<\/blockquote>\n<p>Entretanto os militares anunciaram \u201co controlo total do pa\u00eds\u201d, a \u201csuspens\u00e3o do processo eleitoral\u201d e o encerramento das fronteiras, noticia a AFP. A ag\u00eancia de not\u00edcia acrescenta que os tiros deixaram de se ouvir ao in\u00edcio da tarde e que o ex\u00e9rcito estabeleceu um per\u00edmetro de seguran\u00e7a com tropas de elite \u00e0 volta do Pal\u00e1cio.<\/p>\n<blockquote class=\"twitter-tweet\" data-width=\"500\" data-dnt=\"true\">\n<p lang=\"fr\" dir=\"ltr\">???????? Des militaires en Guin\u00e9e-Bissau ont annonc\u00e9 mercredi prendre le &#8220;contr\u00f4le total du pays&#8221;, &#8220;suspendre le processus \u00e9lectoral&#8221; et fermer les fronti\u00e8res, alors que le pays est dans l&#8217;attente des r\u00e9sultats des \u00e9lections pr\u00e9sidentielle et l\u00e9gislatives organis\u00e9es dimanche \u2935\ufe0f <a href=\"https:\/\/t.co\/dxiwbnYaQj\" rel=\"nofollow\">pic.twitter.com\/dxiwbnYaQj<\/a><\/p>\n<p>\u2014 Agence France-Presse (@afpfr) <a href=\"https:\/\/twitter.com\/afpfr\/status\/1993699048428130640?ref_src=twsrc%5Etfw\" rel=\"nofollow noopener\" target=\"_blank\">November 26, 2025<\/a><\/p>\n<\/blockquote>\n<p>Fernando Dias j\u00e1 se demarcou do alegado golpe de Estado. Num v\u00eddeo publicado pelo portal de not\u00edcias Bissau On-line, no <a href=\"https:\/\/www.facebook.com\/reel\/1059903329533653?locale=pt_PT\" rel=\"nofollow noopener\" target=\"_blank\">Facebook<\/a>, ouve-se o pol\u00edtico a apelar aos \u201cmilitares para se manterem distantes\u201d e pediu \u00e0 popula\u00e7\u00e3o para \u201cmanter a calma\u201d. Reiterou ainda que venceu as elei\u00e7\u00f5es presidenciais, avisando que \u201cquem tentar criar problemas\u201d sofrer\u00e1 \u201cconsequ\u00eancias\u201d.<\/p>\n<p><script async src=\"https:\/\/platform.twitter.com\/widgets.js\" charset=\"utf-8\"><\/script><\/p>\n","protected":false},"excerpt":{"rendered":"Umaro Sissoco Embal\u00f4 foi detido esta quarta-feira na sequ\u00eancia de um alegado golpe de Estado, tr\u00eas dias depois&hellip;\n","protected":false},"author":2,"featured_media":33320,"comment_status":"","ping_status":"","sticky":false,"template":"","format":"standard","meta":{"footnotes":""},"categories":[8],"tags":[27,28,15,16,2672,14,25,26,21,22,62,12,13,19,20,32,23,24,33,17,18,29,30,31],"class_list":{"0":"post-165956","1":"post","2":"type-post","3":"status-publish","4":"format-standard","5":"has-post-thumbnail","7":"category-principais-noticias","8":"tag-breaking-news","9":"tag-breakingnews","10":"tag-featured-news","11":"tag-featurednews","12":"tag-guinu00e9-bissau","13":"tag-headlines","14":"tag-latest-news","15":"tag-latestnews","16":"tag-main-news","17":"tag-mainnews","18":"tag-mundo","19":"tag-news","20":"tag-noticias","21":"tag-noticias-principais","22":"tag-noticiasprincipais","23":"tag-portugal","24":"tag-principais-noticias","25":"tag-principaisnoticias","26":"tag-pt","27":"tag-top-stories","28":"tag-topstories","29":"tag-ultimas","30":"tag-ultimas-noticias","31":"tag-ultimasnoticias"},"share_on_mastodon":{"url":"https:\/\/pubeurope.com\/@pt\/115616726757709228","error":""},"_links":{"self":[{"href":"https:\/\/www.europesays.com\/pt\/wp-json\/wp\/v2\/posts\/165956","targetHints":{"allow":["GET"]}}],"collection":[{"href":"https:\/\/www.europesays.com\/pt\/wp-json\/wp\/v2\/posts"}],"about":[{"href":"https:\/\/www.europesays.com\/pt\/wp-json\/wp\/v2\/types\/post"}],"author":[{"embeddable":true,"href":"https:\/\/www.europesays.com\/pt\/wp-json\/wp\/v2\/users\/2"}],"replies":[{"embeddable":true,"href":"https:\/\/www.europesays.com\/pt\/wp-json\/wp\/v2\/comments?post=165956"}],"version-history":[{"count":0,"href":"https:\/\/www.europesays.com\/pt\/wp-json\/wp\/v2\/posts\/165956\/revisions"}],"wp:featuredmedia":[{"embeddable":true,"href":"https:\/\/www.europesays.com\/pt\/wp-json\/wp\/v2\/media\/33320"}],"wp:attachment":[{"href":"https:\/\/www.europesays.com\/pt\/wp-json\/wp\/v2\/media?parent=165956"}],"wp:term":[{"taxonomy":"category","embeddable":true,"href":"https:\/\/www.europesays.com\/pt\/wp-json\/wp\/v2\/categories?post=165956"},{"taxonomy":"post_tag","embeddable":true,"href":"https:\/\/www.europesays.com\/pt\/wp-json\/wp\/v2\/tags?post=165956"}],"curies":[{"name":"wp","href":"https:\/\/api.w.org\/{rel}","templated":true}]}}