{"id":165970,"date":"2025-11-26T15:46:19","date_gmt":"2025-11-26T15:46:19","guid":{"rendered":"https:\/\/www.europesays.com\/pt\/165970\/"},"modified":"2025-11-26T15:46:19","modified_gmt":"2025-11-26T15:46:19","slug":"edicao-especial-com-nuno-markl-radio-comercial","status":"publish","type":"post","link":"https:\/\/www.europesays.com\/pt\/165970\/","title":{"rendered":"Edi\u00e7\u00e3o Especial com Nuno Markl! &#8211; R\u00e1dio Comercial"},"content":{"rendered":"<ol>\n<li><a href=\"https:\/\/news.google.com\/rss\/articles\/CBMimAFBVV95cUxQdTZnX1JoeC01TXNXTGU0dVkxekxhMWExTHhUVEJEOUYxNlJyeU84Qm9WOThsOE9qNkVwVnpTeFhJME1TNHhnbTBpbXp5a2FBUGxhNmtJdWY4YmFPY0FjVE15RDBUNFhPQlEzWHg5VkR6ZkU1SXh5QmZOc3diMGkwMGVST3R2Z0RCa0R3blZZcVJ5eURMaElVcg?oc=5\" target=\"_blank\" rel=\"nofollow noopener\">Edi\u00e7\u00e3o Especial com Nuno Markl!<\/a>&nbsp;&nbsp;R\u00e1dio Comercial<\/li>\n<li><a href=\"https:\/\/news.google.com\/rss\/articles\/CBMivAFBVV95cUxPaUE4dXhrdzJmdkFqcUVnblhNdUVIMmR0SHYzMmxhMi1ubGs4SEZBMkZRbXBLX3RvUm4xLWxVMW56eEd5V3Rtb2lYWE1KNXp6Z2JudG5WOXNzc2lhLUNfeW9SYUZySzFnRkp2VkgxWlhWT2xyN0RUR25IOWhjeWxRdFpORy0yV0JtTDhxVi1MbmM5U3g4R3N1RFlJNjdJeE5PNHBGeE5QcmRsdW5jaVduYTdwQndnNnZ3LVFLdg?oc=5\" target=\"_blank\" rel=\"nofollow noopener\">Poucos sabem do sintoma de derrame que ningu\u00e9m leva em considera\u00e7\u00e3o<\/a>&nbsp;&nbsp;Correio Braziliense<\/li>\n<li><a href=\"https:\/\/news.google.com\/rss\/articles\/CBMi4gFBVV95cUxQUTlfZjNzM3Zib29uYloxc3I2bklwZ0lKREtEX2t2dVZKd2RmNHM1SFlWaU5qTWoxRzU3Smg4UkJOSEgxcmxOcWRLMDlBaG54YVVxVUFfZkJlY1hNWVNIS0RJTzRONTJIeTZFSUZTaXNsNTNrUW8wNUlYUWQwTlNGdG1jaTByZVZMTG1Qd1dmZFNOaHlPZVhiUTBZWVgxTk1vbzJhRmR0TVY1aE4wZ0I5dTVlaXJ6aU1jQ3htMXY0THVRdE1HdWo2M3NVcF84UkhWLWlxSVFub0plMUx6NmJxVzBn?oc=5\" target=\"_blank\" rel=\"nofollow noopener\">Nuno Markl, bem humorado, fala da sua recupera\u00e7\u00e3o do AVC. &#8220;O lado esquerdo do meu corpo meteu f\u00e9rias e est\u00e1 a acordar aos poucos&#8221;<\/a>&nbsp;&nbsp;Di\u00e1rio de Not\u00edcias<\/li>\n<li><a href=\"https:\/\/news.google.com\/rss\/articles\/CBMizwFBVV95cUxOS1hEYnd3WGNZVG40ZU9KRU9XeTJDbzVubVl6ODdYQUs3bGtwWVpmanM1eXBuWnZWdDlJYkJ1dDZQeXJHMm1iTWFqdHFyVWpwUzJqZTRZQUhsU0J1WERwN0FSQXE5MUhrV3hNbFprYUd5WFRwNGdCMXlfMnFKRE5xSjJNWHNzUjFHUHZSeEM2N1Z0UHlRZWZESWFlczF0czlBbVVkQmZpOHNWckFkSEdyNmswcjk0WUQ3SVZFLVpNa2lQTDV1NC1wSEdkVVhMSGs?oc=5\" target=\"_blank\" rel=\"nofollow noopener\">&#8220;Sou um chor\u00e3o agora&#8221;: Nuno Markl regressa \u00e0 r\u00e1dio ainda internado e refor\u00e7a orgulho no filho<\/a>&nbsp;&nbsp;Plataforma Media<\/li>\n<li><a href=\"https:\/\/news.google.com\/rss\/articles\/CBMisAFBVV95cUxPR2pCZlVvZkFUTG9KRFM3NTVOQnE4V2N0M0xmc2R2NzJ2OU4tYTRuaXFNUlZaRG1Ial9IN3NEVHhOZDdaNlZHZldBLUpzcDFuRmxTQkJObzY4cU05dHgxOU5tR1FmSEZpWEQ4cW5HUFJqeUk2aERMUWFPcmdKRzVJOVVNMm04RFlxX2tlRjhQSmlQSUV4S1QzN3BObzViR0VsN05JbWJCblZaWEJhVGNUSg?oc=5\" target=\"_blank\" rel=\"nofollow noopener\">Nuno Markl d\u00e1 entrada no Hospital de S\u00e3o Francisco Xavier com AVC<\/a>&nbsp;&nbsp;cmjornal.pt<\/li>\n<\/ol>\n","protected":false},"excerpt":{"rendered":"Edi\u00e7\u00e3o Especial com Nuno Markl!&nbsp;&nbsp;R\u00e1dio Comercial Poucos sabem do sintoma de derrame que ningu\u00e9m leva em considera\u00e7\u00e3o&nbsp;&nbsp;Correio Braziliense&hellip;\n","protected":false},"author":2,"featured_media":165971,"comment_status":"","ping_status":"","sticky":false,"template":"","format":"standard","meta":{"footnotes":""},"categories":[8],"tags":[2088,5591,27,28,1044,5592,315,115,15,16,14,3804,1856,25,26,21,22,715,12,13,19,20,803,32,23,24,5593,33,550,766,5590,17,18,29,30,31],"class_list":{"0":"post-165970","1":"post","2":"type-post","3":"status-publish","4":"format-standard","5":"has-post-thumbnail","7":"category-principais-noticias","8":"tag-audio","9":"tag-bauermedia","10":"tag-breaking-news","11":"tag-breakingnews","12":"tag-comunicacao","13":"tag-conteudos","14":"tag-cultura","15":"tag-entretenimento","16":"tag-featured-news","17":"tag-featurednews","18":"tag-headlines","19":"tag-imprensa","20":"tag-informacao","21":"tag-latest-news","22":"tag-latestnews","23":"tag-main-news","24":"tag-mainnews","25":"tag-media","26":"tag-news","27":"tag-noticias","28":"tag-noticias-principais","29":"tag-noticiasprincipais","30":"tag-podcast","31":"tag-portugal","32":"tag-principais-noticias","33":"tag-principaisnoticias","34":"tag-programas","35":"tag-pt","36":"tag-publicidade","37":"tag-radio","38":"tag-radio-comercial","39":"tag-top-stories","40":"tag-topstories","41":"tag-ultimas","42":"tag-ultimas-noticias","43":"tag-ultimasnoticias"},"share_on_mastodon":{"url":"","error":"Validation failed: Text character limit of 500 exceeded"},"_links":{"self":[{"href":"https:\/\/www.europesays.com\/pt\/wp-json\/wp\/v2\/posts\/165970","targetHints":{"allow":["GET"]}}],"collection":[{"href":"https:\/\/www.europesays.com\/pt\/wp-json\/wp\/v2\/posts"}],"about":[{"href":"https:\/\/www.europesays.com\/pt\/wp-json\/wp\/v2\/types\/post"}],"author":[{"embeddable":true,"href":"https:\/\/www.europesays.com\/pt\/wp-json\/wp\/v2\/users\/2"}],"replies":[{"embeddable":true,"href":"https:\/\/www.europesays.com\/pt\/wp-json\/wp\/v2\/comments?post=165970"}],"version-history":[{"count":0,"href":"https:\/\/www.europesays.com\/pt\/wp-json\/wp\/v2\/posts\/165970\/revisions"}],"wp:featuredmedia":[{"embeddable":true,"href":"https:\/\/www.europesays.com\/pt\/wp-json\/wp\/v2\/media\/165971"}],"wp:attachment":[{"href":"https:\/\/www.europesays.com\/pt\/wp-json\/wp\/v2\/media?parent=165970"}],"wp:term":[{"taxonomy":"category","embeddable":true,"href":"https:\/\/www.europesays.com\/pt\/wp-json\/wp\/v2\/categories?post=165970"},{"taxonomy":"post_tag","embeddable":true,"href":"https:\/\/www.europesays.com\/pt\/wp-json\/wp\/v2\/tags?post=165970"}],"curies":[{"name":"wp","href":"https:\/\/api.w.org\/{rel}","templated":true}]}}