{"id":165988,"date":"2025-11-26T16:00:34","date_gmt":"2025-11-26T16:00:34","guid":{"rendered":"https:\/\/www.europesays.com\/pt\/165988\/"},"modified":"2025-11-26T16:00:34","modified_gmt":"2025-11-26T16:00:34","slug":"wsbk-miguel-oliveira-ja-brilha-no-primeiro-dia-de-testes-em-jerez","status":"publish","type":"post","link":"https:\/\/www.europesays.com\/pt\/165988\/","title":{"rendered":"WSBK: Miguel Oliveira j\u00e1 brilha no primeiro dia de testes em Jerez"},"content":{"rendered":"<p>Numa das maiores mudan\u00e7as da pr\u00e9-temporada, a BMW concluiu as contrata\u00e7\u00f5es dos vencedores de corridas de MotoGP Miguel Oliveira e Danilo Petrucci para preencher as vagas abertas nas suas motos, tendo em conta a sa\u00edda de Toprak Razgatlioglu para o MotoGP e Michael Van der Mark assumindo uma nova fun\u00e7\u00e3o na equipa como piloto de testes. <\/p>\n<p>Como Petrucci ainda n\u00e3o estava em condi\u00e7\u00f5es f\u00edsicas ideais devido a uma les\u00e3o no pulso sofrida pouco antes do final da temporada e Oliveira ainda estava a competir no paddock do MotoGP, nenhum dos dois p\u00f4de estrear-se no teste de outubro em Jerez. Com isso, este teste marca a primeira vez que as motos est\u00e3o em pista com os seus concorrentes desde que se juntaram ao fabricante alem\u00e3o.<\/p>\n<p>As primeiras imagens dos pilotos BMW em a\u00e7\u00e3o no circuito de Jerez:<\/p>\n","protected":false},"excerpt":{"rendered":"Numa das maiores mudan\u00e7as da pr\u00e9-temporada, a BMW concluiu as contrata\u00e7\u00f5es dos vencedores de corridas de MotoGP Miguel&hellip;\n","protected":false},"author":2,"featured_media":165989,"comment_status":"","ping_status":"","sticky":false,"template":"","format":"standard","meta":{"footnotes":""},"categories":[8],"tags":[27,28,15,16,14,25,26,21,22,12,13,19,20,32,23,24,33,17,18,29,30,31],"class_list":{"0":"post-165988","1":"post","2":"type-post","3":"status-publish","4":"format-standard","5":"has-post-thumbnail","7":"category-principais-noticias","8":"tag-breaking-news","9":"tag-breakingnews","10":"tag-featured-news","11":"tag-featurednews","12":"tag-headlines","13":"tag-latest-news","14":"tag-latestnews","15":"tag-main-news","16":"tag-mainnews","17":"tag-news","18":"tag-noticias","19":"tag-noticias-principais","20":"tag-noticiasprincipais","21":"tag-portugal","22":"tag-principais-noticias","23":"tag-principaisnoticias","24":"tag-pt","25":"tag-top-stories","26":"tag-topstories","27":"tag-ultimas","28":"tag-ultimas-noticias","29":"tag-ultimasnoticias"},"share_on_mastodon":{"url":"https:\/\/pubeurope.com\/@pt\/115616836737519872","error":""},"_links":{"self":[{"href":"https:\/\/www.europesays.com\/pt\/wp-json\/wp\/v2\/posts\/165988","targetHints":{"allow":["GET"]}}],"collection":[{"href":"https:\/\/www.europesays.com\/pt\/wp-json\/wp\/v2\/posts"}],"about":[{"href":"https:\/\/www.europesays.com\/pt\/wp-json\/wp\/v2\/types\/post"}],"author":[{"embeddable":true,"href":"https:\/\/www.europesays.com\/pt\/wp-json\/wp\/v2\/users\/2"}],"replies":[{"embeddable":true,"href":"https:\/\/www.europesays.com\/pt\/wp-json\/wp\/v2\/comments?post=165988"}],"version-history":[{"count":0,"href":"https:\/\/www.europesays.com\/pt\/wp-json\/wp\/v2\/posts\/165988\/revisions"}],"wp:featuredmedia":[{"embeddable":true,"href":"https:\/\/www.europesays.com\/pt\/wp-json\/wp\/v2\/media\/165989"}],"wp:attachment":[{"href":"https:\/\/www.europesays.com\/pt\/wp-json\/wp\/v2\/media?parent=165988"}],"wp:term":[{"taxonomy":"category","embeddable":true,"href":"https:\/\/www.europesays.com\/pt\/wp-json\/wp\/v2\/categories?post=165988"},{"taxonomy":"post_tag","embeddable":true,"href":"https:\/\/www.europesays.com\/pt\/wp-json\/wp\/v2\/tags?post=165988"}],"curies":[{"name":"wp","href":"https:\/\/api.w.org\/{rel}","templated":true}]}}