{"id":165990,"date":"2025-11-26T16:02:16","date_gmt":"2025-11-26T16:02:16","guid":{"rendered":"https:\/\/www.europesays.com\/pt\/165990\/"},"modified":"2025-11-26T16:02:16","modified_gmt":"2025-11-26T16:02:16","slug":"virginia-fonseca-leva-canetada-no-olho-enquanto-brinca-com-filha","status":"publish","type":"post","link":"https:\/\/www.europesays.com\/pt\/165990\/","title":{"rendered":"Virginia Fonseca leva &#8216;canetada&#8217; no olho enquanto brinca com filha"},"content":{"rendered":"<p class=\"bullet mt-0\" data-v-232111b4=\"\">Virginia Fonseca, 26, apareceu nas redes sociais hoje com o olho machucado.<\/p>\n<p>O que aconteceu<\/p>\n<p class=\"bullet\" data-v-232111b4=\"\"><strong>Segundo a apresentadora, o &#8216;acidente&#8217; aconteceu durante um momento de pintura com a filha.<\/strong> &#8220;\u00c9, gente, j\u00e1 n\u00e3o bastava a cara toda arrega\u00e7ada, agora o olho tamb\u00e9m, n\u00e9, Flor?&#8221;, disse ela, rindo da situa\u00e7\u00e3o. Na sequ\u00eancia, explicou: &#8220;Estava colorindo com a Flor, ela foi abrir a canetinha e &#8216;boom&#8217;, no meu olho. Mas foi sem querer&#8221;. <\/p>\n<p class=\"bullet\" data-v-232111b4=\"\"><strong>A pr\u00f3pria Maria Flor chegou a pedir desculpas para a m\u00e3e. &#8220;<\/strong>Eu falei desculpa pra mam\u00e3e&#8221;, disse a pequena. Virginia, por sua vez, a tranquilizou com carinho: &#8220;Falou, pequenininha. Est\u00e1 tudo bem&#8221;.<\/p>\n","protected":false},"excerpt":{"rendered":"Virginia Fonseca, 26, apareceu nas redes sociais hoje com o olho machucado. O que aconteceu Segundo a apresentadora,&hellip;\n","protected":false},"author":2,"featured_media":165991,"comment_status":"","ping_status":"","sticky":false,"template":"","format":"standard","meta":{"footnotes":""},"categories":[145],"tags":[211,210,114,115,32,33],"class_list":{"0":"post-165990","1":"post","2":"type-post","3":"status-publish","4":"format-standard","5":"has-post-thumbnail","7":"category-celebridades","8":"tag-celebridades","9":"tag-celebrities","10":"tag-entertainment","11":"tag-entretenimento","12":"tag-portugal","13":"tag-pt"},"share_on_mastodon":{"url":"https:\/\/pubeurope.com\/@pt\/115616844572273338","error":""},"_links":{"self":[{"href":"https:\/\/www.europesays.com\/pt\/wp-json\/wp\/v2\/posts\/165990","targetHints":{"allow":["GET"]}}],"collection":[{"href":"https:\/\/www.europesays.com\/pt\/wp-json\/wp\/v2\/posts"}],"about":[{"href":"https:\/\/www.europesays.com\/pt\/wp-json\/wp\/v2\/types\/post"}],"author":[{"embeddable":true,"href":"https:\/\/www.europesays.com\/pt\/wp-json\/wp\/v2\/users\/2"}],"replies":[{"embeddable":true,"href":"https:\/\/www.europesays.com\/pt\/wp-json\/wp\/v2\/comments?post=165990"}],"version-history":[{"count":0,"href":"https:\/\/www.europesays.com\/pt\/wp-json\/wp\/v2\/posts\/165990\/revisions"}],"wp:featuredmedia":[{"embeddable":true,"href":"https:\/\/www.europesays.com\/pt\/wp-json\/wp\/v2\/media\/165991"}],"wp:attachment":[{"href":"https:\/\/www.europesays.com\/pt\/wp-json\/wp\/v2\/media?parent=165990"}],"wp:term":[{"taxonomy":"category","embeddable":true,"href":"https:\/\/www.europesays.com\/pt\/wp-json\/wp\/v2\/categories?post=165990"},{"taxonomy":"post_tag","embeddable":true,"href":"https:\/\/www.europesays.com\/pt\/wp-json\/wp\/v2\/tags?post=165990"}],"curies":[{"name":"wp","href":"https:\/\/api.w.org\/{rel}","templated":true}]}}