{"id":165999,"date":"2025-11-26T16:15:29","date_gmt":"2025-11-26T16:15:29","guid":{"rendered":"https:\/\/www.europesays.com\/pt\/165999\/"},"modified":"2025-11-26T16:15:29","modified_gmt":"2025-11-26T16:15:29","slug":"benfica-dita-pior-registo-de-sempre-do-ajax-na-liga-dos-campeoes","status":"publish","type":"post","link":"https:\/\/www.europesays.com\/pt\/165999\/","title":{"rendered":"Benfica dita pior registo de sempre do Ajax na Liga dos Campe\u00f5es"},"content":{"rendered":"<p>O <a target=\"_blank\" class=\"editor-link autolink-enabled\" href=\"https:\/\/www.abola.pt\/futebol\/ajax-390\" data-resource-id=\"390\" data-resource-type=\"team\" data-sport=\"football\" rel=\"nofollow noopener\">Ajax<\/a> sofreu esta ter\u00e7a-feira a quinta derrota consecutiva na <a target=\"_blank\" class=\"editor-link autolink-enabled\" href=\"https:\/\/www.abola.pt\/futebol\/competicao\/liga-dos-campeoes-qualificacoes-758\" data-resource-id=\"758\" data-resource-type=\"competition\" data-sport=\"football\" rel=\"nofollow noopener\">Liga dos Campe\u00f5es<\/a>, depois de ser batido em casa pelo <a target=\"_blank\" class=\"editor-link autolink-enabled\" href=\"https:\/\/www.abola.pt\/futebol\/benfica-450\" data-resource-id=\"450\" data-resource-type=\"team\" data-sport=\"football\" rel=\"nofollow noopener\">Benfica<\/a> por 0-2, na Johan Cruijff ArenA. Com este resultado, o clube de Amesterd\u00e3o, agora sob o comando interino de Fred Grim, regista um m\u00ednimo hist\u00f3rico e torna-se o \u00fanico dos 36 participantes na principal competi\u00e7\u00e3o europeia que ainda n\u00e3o somou qualquer ponto.<\/p>\n<p>Este novo desaire na prova milion\u00e1ria confere ao <a class=\"autolink-enabled\" data-resource-id=\"390\" data-resource-type=\"team\" data-sport=\"football\" href=\"https:\/\/www.abola.pt\/futebol\/ajax-390\" rel=\"nofollow noopener\" target=\"_blank\">Ajax<\/a> o pior desempenho de sempre de uma equipa neerlandesa na <a class=\"autolink-enabled\" data-resource-id=\"758\" data-resource-type=\"competition\" data-sport=\"football\" href=\"https:\/\/www.abola.pt\/futebol\/competicao\/liga-dos-campeoes-qualificacoes-758\" rel=\"nofollow noopener\" target=\"_blank\">Liga dos Campe\u00f5es<\/a>: cinco derrotas em cinco jogos, com uma diferen\u00e7a de golos de -15.<\/p>\n<p>Esta \u00e9 apenas a segunda vez na hist\u00f3ria que uma equipa dos <a class=\"autolink-enabled\" data-resource-id=\"1562\" data-resource-type=\"team\" data-sport=\"football\" href=\"https:\/\/www.abola.pt\/futebol\/paises-baixos-1562\" rel=\"nofollow noopener\" target=\"_blank\">Pa\u00edses Baixos<\/a> perde os primeiros cinco jogos da fase de grupos da <a class=\"autolink-enabled\" data-resource-id=\"27\" data-resource-type=\"competition\" data-sport=\"football\" href=\"https:\/\/www.abola.pt\/futebol\/competicao\/uefa-champions-league-27\" rel=\"nofollow noopener\" target=\"_blank\">Champions<\/a>. Na \u00e9poca 2017\/2018, o <a class=\"autolink-enabled\" data-resource-id=\"406\" data-resource-type=\"team\" data-sport=\"football\" href=\"https:\/\/www.abola.pt\/futebol\/feyenoord-406\" rel=\"nofollow noopener\" target=\"_blank\">Feyenoord<\/a> tamb\u00e9m perdeu os primeiros cinco jogos mas tinha uma diferen\u00e7a de golos de \u00ab-10\u00bb, que foi largamente superada pelo Ajax. No \u00faltimo jogo do <a class=\"autolink-enabled\" data-resource-id=\"406\" data-resource-type=\"team\" data-sport=\"football\" href=\"https:\/\/www.abola.pt\/futebol\/feyenoord-406\" rel=\"nofollow noopener\" target=\"_blank\">Feyenoord<\/a> na competi\u00e7\u00e3o nessa \u00e9poca, a equipa de Roterd\u00e3o acabaria depois por vencer o <a class=\"autolink-enabled\" data-resource-id=\"262\" data-resource-type=\"team\" data-sport=\"football\" href=\"https:\/\/www.abola.pt\/futebol\/ssc-napoles-262\" rel=\"nofollow noopener\" target=\"_blank\">N\u00e1poles<\/a> por 2-1.<\/p>\n<p>As cinco derrotas do Ajax na Liga dos Campe\u00f5es esta \u00e9poca foram frente ao Inter (0-2), Marselha (4-0), Chelsea (5-1), Galatasaray (0-3) e, por fim, Benfica (0-2).<\/p>\n<p>            <img decoding=\"async\" src=\"https:\/\/www.europesays.com\/pt\/wp-content\/uploads\/2025\/11\/5af6e645-5e7c-446a-9029-98a6596fdf35.jpg\" alt=\"\" width=\"620\" class=\"w-full object-cover\"\/><\/p>\n<p>                    O onze do Ajax &#8211; Foto: IMAGO<\/p>\n<p>Em dezembro, o pr\u00f3ximo e \u00faltimo advers\u00e1rio europeu do <a class=\"autolink-enabled\" data-resource-id=\"390\" data-resource-type=\"team\" data-sport=\"football\" href=\"https:\/\/www.abola.pt\/futebol\/ajax-390\" rel=\"nofollow noopener\" target=\"_blank\">Ajax<\/a> ser\u00e1 o <a class=\"autolink-enabled\" data-resource-id=\"997\" data-resource-type=\"team\" data-sport=\"football\" href=\"https:\/\/www.abola.pt\/futebol\/qarabag-997\" rel=\"nofollow noopener\" target=\"_blank\">Qarabag<\/a>, do Azerbaij\u00e3o, que j\u00e1 leva 7 pontos na competi\u00e7\u00e3o, depois de ter vencido o <a class=\"autolink-enabled\" data-resource-id=\"450\" data-resource-type=\"team\" data-sport=\"football\" href=\"https:\/\/www.abola.pt\/futebol\/benfica-450\" rel=\"nofollow noopener\" target=\"_blank\">Benfica<\/a>, o <a class=\"autolink-enabled\" data-resource-id=\"870\" data-resource-type=\"team\" data-sport=\"football\" href=\"https:\/\/www.abola.pt\/futebol\/fc-copenhaga-870\" rel=\"nofollow noopener\" target=\"_blank\">Copenhaga<\/a> e ter empatado com o <a class=\"autolink-enabled\" data-resource-id=\"82\" data-resource-type=\"team\" data-sport=\"football\" href=\"https:\/\/www.abola.pt\/futebol\/chelsea-82\" rel=\"nofollow noopener\" target=\"_blank\">Chelsea<\/a>.<\/p>\n<p><a target=\"_self\" class=\"editor-link\" href=\"https:\/\/profile.google.com\/cp\/CgkvbS8wNWNjOHQ?pf=0\" rel=\"nofollow noopener\">Siga o perfil de A BOLA no Google.<\/a><\/p>\n","protected":false},"excerpt":{"rendered":"O Ajax sofreu esta ter\u00e7a-feira a quinta derrota consecutiva na Liga dos Campe\u00f5es, depois de ser batido em&hellip;\n","protected":false},"author":2,"featured_media":166000,"comment_status":"","ping_status":"","sticky":false,"template":"","format":"standard","meta":{"footnotes":""},"categories":[8],"tags":[27,28,15,16,14,25,26,21,22,12,13,19,20,32,23,24,33,17,18,29,30,31],"class_list":{"0":"post-165999","1":"post","2":"type-post","3":"status-publish","4":"format-standard","5":"has-post-thumbnail","7":"category-principais-noticias","8":"tag-breaking-news","9":"tag-breakingnews","10":"tag-featured-news","11":"tag-featurednews","12":"tag-headlines","13":"tag-latest-news","14":"tag-latestnews","15":"tag-main-news","16":"tag-mainnews","17":"tag-news","18":"tag-noticias","19":"tag-noticias-principais","20":"tag-noticiasprincipais","21":"tag-portugal","22":"tag-principais-noticias","23":"tag-principaisnoticias","24":"tag-pt","25":"tag-top-stories","26":"tag-topstories","27":"tag-ultimas","28":"tag-ultimas-noticias","29":"tag-ultimasnoticias"},"share_on_mastodon":{"url":"https:\/\/pubeurope.com\/@pt\/115616896196627303","error":""},"_links":{"self":[{"href":"https:\/\/www.europesays.com\/pt\/wp-json\/wp\/v2\/posts\/165999","targetHints":{"allow":["GET"]}}],"collection":[{"href":"https:\/\/www.europesays.com\/pt\/wp-json\/wp\/v2\/posts"}],"about":[{"href":"https:\/\/www.europesays.com\/pt\/wp-json\/wp\/v2\/types\/post"}],"author":[{"embeddable":true,"href":"https:\/\/www.europesays.com\/pt\/wp-json\/wp\/v2\/users\/2"}],"replies":[{"embeddable":true,"href":"https:\/\/www.europesays.com\/pt\/wp-json\/wp\/v2\/comments?post=165999"}],"version-history":[{"count":0,"href":"https:\/\/www.europesays.com\/pt\/wp-json\/wp\/v2\/posts\/165999\/revisions"}],"wp:featuredmedia":[{"embeddable":true,"href":"https:\/\/www.europesays.com\/pt\/wp-json\/wp\/v2\/media\/166000"}],"wp:attachment":[{"href":"https:\/\/www.europesays.com\/pt\/wp-json\/wp\/v2\/media?parent=165999"}],"wp:term":[{"taxonomy":"category","embeddable":true,"href":"https:\/\/www.europesays.com\/pt\/wp-json\/wp\/v2\/categories?post=165999"},{"taxonomy":"post_tag","embeddable":true,"href":"https:\/\/www.europesays.com\/pt\/wp-json\/wp\/v2\/tags?post=165999"}],"curies":[{"name":"wp","href":"https:\/\/api.w.org\/{rel}","templated":true}]}}