{"id":166026,"date":"2025-11-26T16:39:16","date_gmt":"2025-11-26T16:39:16","guid":{"rendered":"https:\/\/www.europesays.com\/pt\/166026\/"},"modified":"2025-11-26T16:39:16","modified_gmt":"2025-11-26T16:39:16","slug":"familia-de-marisa-e-pedro-jorge-em-guerra-por-causa-das-teams","status":"publish","type":"post","link":"https:\/\/www.europesays.com\/pt\/166026\/","title":{"rendered":"Fam\u00edlia de Marisa e Pedro Jorge &#8216;em guerra&#8217; por causa das teams"},"content":{"rendered":"<p>\t\t\t\t\t\t\t\t\t\t\t\t<a href=\"#\" onclick=\"window.open('http:\/\/www.facebook.com\/sharer.php?u=https:\/\/cusquices.com\/familia-de-marisa-e-pedro-jorge-em-guerra-por-causa-das-teams\/&amp;t=Fam\u00edlia de Marisa e Pedro Jorge \u2018em guerra\u2019 por causa das teams', 'facebookShare', 'width=626,height=436'); return false;\" title=\"Share on Facebook\"><\/p>\n<p>Share<\/p>\n<p><\/a><br \/>\n\t\t\t\t\t\t\t\t\t\t\t\t<a href=\"#\" onclick=\"window.open('http:\/\/twitter.com\/share?text=Fam\u00edlia de Marisa e Pedro Jorge \u2018em guerra\u2019 por causa das teams -&amp;url=https:\/\/cusquices.com\/familia-de-marisa-e-pedro-jorge-em-guerra-por-causa-das-teams\/', 'twitterShare', 'width=626,height=436'); return false;\" title=\"Tweet This Post\"><\/p>\n<p>Tweet<\/p>\n<p><\/a><br \/>\n\t\t\t\t\t\t\t\t\t\t\t\t<a href=\"whatsapp:\/\/send?text=Fam\u00edlia de Marisa e Pedro Jorge \u2018em guerra\u2019 por causa das teams https:\/\/cusquices.com\/familia-de-marisa-e-pedro-jorge-em-guerra-por-causa-das-teams\/\" rel=\"nofollow\"><\/p>\n<p>Share<\/p>\n<p><\/a><br \/>\n\t\t\t\t\t\t\t\t\t\t\t\t<a href=\"#\" onclick=\"window.open('http:\/\/pinterest.com\/pin\/create\/button\/?url=https:\/\/cusquices.com\/familia-de-marisa-e-pedro-jorge-em-guerra-por-causa-das-teams\/&amp;media=https:\/\/cusquices.com\/wp-content\/uploads\/2025\/11\/pedrojorge-marisapires-1000x600.jpg&amp;description=Fam\u00edlia de Marisa e Pedro Jorge \u2018em guerra\u2019 por causa das teams', 'pinterestShare', 'width=750,height=350'); return false;\" title=\"Pin This Post\"><\/p>\n<p>Share<\/p>\n<p><\/a><br \/>\n\t\t\t\t\t\t\t\t\t\t\t\t<a href=\"mailto:?subject=Fam\u00edlia de Marisa e Pedro Jorge \u2018em guerra\u2019 por causa das teams&amp;BODY=I found this article interesting and thought of sharing it with you. Check it out: https:\/\/cusquices.com\/familia-de-marisa-e-pedro-jorge-em-guerra-por-causa-das-teams\/\"><\/p>\n<p>Email<\/p>\n<p><\/a><br \/>\n\t\t\t\t\t\t\t\t\t\t\t\t\t\t\t\t\t\t\t\t\t\t\t\t\t\t\t\t\t\t\t\t\t\t\t\t\t\t\t\t\t\t\t\t\t\t\t\t\t\t\t\t\t<a href=\"https:\/\/cusquices.com\/familia-de-marisa-e-pedro-jorge-em-guerra-por-causa-das-teams\/#respond\" rel=\"nofollow noopener\" target=\"_blank\"><\/p>\n<p>Teams causam disc\u00f3rdia entre a fam\u00edlia de Pedro e Marisa.<\/p>\n<p><strong>Regina,<\/strong>\u00a0m\u00e3e de<strong>\u00a0Pedro Jorge<\/strong>, surpreendeu recentemente os f\u00e3s do concorrente ao emitir um\u00a0<a href=\"https:\/\/cusquices.com\/mae-de-pedro-jorge-da-murro-na-mesa-e-poe-ordem-nas-teams\/\" rel=\"nofollow noopener\" target=\"_blank\">comunicado onde p\u00f4s um trav\u00e3o nas teams de apoio<\/a>, principalmente na team conjunta do filho com\u00a0<strong>Marisa.<\/strong><\/p>\n<p>Em conversa com a TV Guia, a m\u00e3e de Pedro Jorge chegou a explicar os seus motivos, apontando, Carolina, amiga do casal, que se juntou \u00e0 Team como a principal causadora das desaven\u00e7as: \u201c<strong>Recebi muitas queixas por falta de respeito. Na minha posi\u00e7\u00e3o n\u00e3o quero compactuar com isso<\/strong>. <strong>Internamente chamei \u00e0 aten\u00e7\u00e3o, elas n\u00e3o estavam a ser corretas, neste caso a Carolina, n\u00e3o pod\u00edamos compactuar com o que dizia sobre outros concorrentes. Uma pessoa pr\u00f3xima do Leandro veio falar comigo e confrontar-me com o que diziam sobre ele. N\u00e3o posso compactuar com isso, por isso, decidi demarcar-me desta team<\/strong>\u201c.<\/p>\n<p>A irm\u00e3 de Marisa, ficou em choque com as atitudes da sogra da irm\u00e3: \u201c<strong>Caiu-me tudo. Fiquei quase sem ch\u00e3o, revoltad\u00edssima, porque estamos a fazer um esfor\u00e7o enorme, para que estejam o m\u00e1ximo de tempo poss\u00edvel no programa<\/strong>\u201c.<\/p>\n<p>Agora, a amiga do casal, <strong>Carolina,<\/strong> decidiu \u2018quebrar o sil\u00eancio\u2019 e em conversa com <strong>TV Guia<\/strong>, reagiu \u00e0s acusa\u00e7\u00f5es da m\u00e3e de <strong>Pedro Jorge: \u201c\u00c9 totalmente mentira, at\u00e9 tenho prints de conversas com irm\u00e3s do Leandro, elas pr\u00f3prias dizem que nunca falei mal dele. Ali\u00e1s, fui eu quem organizou o pagamento do avi\u00e3o enviado para o Gang dos Frescos\u2019 no in\u00edcio. Sempre confiaram em mim. Tenho provas de que sempre fui compreensiva, honesta e transparente\u201d.<\/strong><\/p>\n<p>Carolina reagiu ainda \u00e0s acusa\u00e7\u00f5es de Regina sobre n\u00e3o ter acesso \u00e0s contas da Team: <strong>\u201cSe n\u00e3o tem acesso \u00e0s contas, foi porque n\u00e3o quis e se n\u00e3o quis colaborar connosco, foi porque n\u00e3o quis. Ela disse para trabalharmos com o pai do Pedro, porque ele era muito organizado. Mas os meus sogros falaram com ele e ele disse que aquilo eram palavras dela, que n\u00e3o se queria meter em nada\u201d<\/strong>.<\/p>\n<p><strong>\u201cA dona Regina n\u00e3o tinha que falar com os outros, porque qualquer pessoa pode criar uma team, ela n\u00e3o tem que ter sequer conhecimento, tem que agradecer sim porque est\u00e3o a ajudar o filho dela\u201d,<\/strong> acrescentou ainda a amiga de Pedro e Marisa.<\/p>\n<p>Carolina garante que quando Pedro e Marisa sa\u00edrem n\u00e3o v\u00e3o gostar dos conflitos entre as fam\u00edlias: <strong>\u201cEles n\u00e3o v\u00e3o gostar, porque c\u00e1 fora vivem num ambiente humilde, carinho, n\u00e3o de conflitos, ainda mais para mais conflitos entre fam\u00edlias. A mensagem que nos deixaram antes de entrar foi com um prop\u00f3sito de uni\u00e3o e n\u00e3o \u00e9 o que est\u00e1 a acontecer\u201d.<\/strong><\/p>\n<p><strong>Leia tamb\u00e9m:<\/strong><\/p>\n<p>\t\t\t\t\t\t\t\t\t\t\t\t\t\t\t\t\t\t\t\t\t\t\t\t\t<img decoding=\"async\" src=\"https:\/\/www.europesays.com\/pt\/wp-content\/uploads\/2025\/10\/cusquices-logo-52x.png\" class=\"webpexpress-processed\"\/><\/p>\n<p>\t\t\t\t\t\t\t\t\t\t\t\t\t\t\t\t\t\t\t\t\t            \t\t\t\t\t\t\t\t\t\t\t\t\t\t\t\t\t\t\t\t\t\t\t\t\t\t\t\t\t\t\t\t\t\t\t\t\t\t\t<script async src=\"https:\/\/platform.twitter.com\/widgets.js\" charset=\"utf-8\"><\/script><\/p>\n","protected":false},"excerpt":{"rendered":"Share Tweet Share Share Email Teams causam disc\u00f3rdia entre a fam\u00edlia de Pedro e Marisa. Regina,\u00a0m\u00e3e de\u00a0Pedro Jorge,&hellip;\n","protected":false},"author":2,"featured_media":166027,"comment_status":"","ping_status":"","sticky":false,"template":"","format":"standard","meta":{"footnotes":""},"categories":[85],"tags":[2632,49,114,115,21766,21416,32,33],"class_list":{"0":"post-166026","1":"post","2":"type-post","3":"status-publish","4":"format-standard","5":"has-post-thumbnail","7":"category-entretenimento","8":"tag-casa-dos-segredos","9":"tag-destaques","10":"tag-entertainment","11":"tag-entretenimento","12":"tag-marisa-pires","13":"tag-pedro-jorge","14":"tag-portugal","15":"tag-pt"},"share_on_mastodon":{"url":"https:\/\/pubeurope.com\/@pt\/115616990283319524","error":""},"_links":{"self":[{"href":"https:\/\/www.europesays.com\/pt\/wp-json\/wp\/v2\/posts\/166026","targetHints":{"allow":["GET"]}}],"collection":[{"href":"https:\/\/www.europesays.com\/pt\/wp-json\/wp\/v2\/posts"}],"about":[{"href":"https:\/\/www.europesays.com\/pt\/wp-json\/wp\/v2\/types\/post"}],"author":[{"embeddable":true,"href":"https:\/\/www.europesays.com\/pt\/wp-json\/wp\/v2\/users\/2"}],"replies":[{"embeddable":true,"href":"https:\/\/www.europesays.com\/pt\/wp-json\/wp\/v2\/comments?post=166026"}],"version-history":[{"count":0,"href":"https:\/\/www.europesays.com\/pt\/wp-json\/wp\/v2\/posts\/166026\/revisions"}],"wp:featuredmedia":[{"embeddable":true,"href":"https:\/\/www.europesays.com\/pt\/wp-json\/wp\/v2\/media\/166027"}],"wp:attachment":[{"href":"https:\/\/www.europesays.com\/pt\/wp-json\/wp\/v2\/media?parent=166026"}],"wp:term":[{"taxonomy":"category","embeddable":true,"href":"https:\/\/www.europesays.com\/pt\/wp-json\/wp\/v2\/categories?post=166026"},{"taxonomy":"post_tag","embeddable":true,"href":"https:\/\/www.europesays.com\/pt\/wp-json\/wp\/v2\/tags?post=166026"}],"curies":[{"name":"wp","href":"https:\/\/api.w.org\/{rel}","templated":true}]}}