{"id":166036,"date":"2025-11-26T16:50:12","date_gmt":"2025-11-26T16:50:12","guid":{"rendered":"https:\/\/www.europesays.com\/pt\/166036\/"},"modified":"2025-11-26T16:50:12","modified_gmt":"2025-11-26T16:50:12","slug":"bruno-savate-entala-dylan-por-nao-desistir-com-bruno-falta-de-tomates","status":"publish","type":"post","link":"https:\/\/www.europesays.com\/pt\/166036\/","title":{"rendered":"Bruno Savate entala Dylan por n\u00e3o desistir com Bruno: &#8220;Falta de tomates&#8230;&#8221;"},"content":{"rendered":"<p>Ap\u00f3s ter amea\u00e7ado desistir do Secret Story 9, Dylan decidiu n\u00e3o o fazer no momento da verdade. Bruno, por outro lado, decidiu terminar a participa\u00e7\u00e3o no reality show\u00a0da TVI por iniciativa pr\u00f3pria no \u2018Especial\u2019 desta ter\u00e7a-feira, 25 de novembro.<\/p>\n<p>Atrav\u00e9s das\u00a0stories\u00a0da rede social Instagram, Bruno Savate n\u00e3o perdoou Dylan e recordou que o concorrente disse que ia desistir do programa com Bruno, mas n\u00e3o o fez: \u201c<strong>Depois de uma atitude t\u00e3o grave, repetir o comportamento minutos depois \u00e9 ainda pior. No m\u00ednimo, isto j\u00e1 merecia uma expuls\u00e3o direta<\/strong>\u201c, come\u00e7ou por escrever.<\/p>\n<p>Quanto \u00e0 atitude de Dylan, o vencedor do Big Brother \u2013 Desafio Final teceu duras cr\u00edticas: \u201c<strong>Falta de tomates, pintainho. Metes o teu amigo de guerra nesta situa\u00e7\u00e3o e agora decides deix\u00e1-lo na m\u00e3o. Grande esp\u00edrito de camaradagem, sem d\u00favida<\/strong>\u201c.<\/p>\n<p>Veja em baixo:<\/p>\n<p><img loading=\"lazy\" decoding=\"async\" class=\"alignnone wp-image-653603 size-full\" src=\"data:image\/svg+xml,%3Csvg%20xmlns=\" http:=\"\" alt=\"\" width=\"864\" height=\"1500\" data-lazy- data-lazy- data-lazy-src=\"https:\/\/www.europesays.com\/pt\/wp-content\/uploads\/2025\/11\/Screenshot_20251125_222306_Instagram.jpg\"\/><\/p>\n","protected":false},"excerpt":{"rendered":"Ap\u00f3s ter amea\u00e7ado desistir do Secret Story 9, Dylan decidiu n\u00e3o o fazer no momento da verdade. Bruno,&hellip;\n","protected":false},"author":2,"featured_media":166037,"comment_status":"","ping_status":"","sticky":false,"template":"","format":"standard","meta":{"footnotes":""},"categories":[142],"tags":[3768,1253,20232,19105,31449,114,115,32,33,34619,151],"class_list":{"0":"post-166036","1":"post","2":"type-post","3":"status-publish","4":"format-standard","5":"has-post-thumbnail","7":"category-tv","8":"tag-bruno","9":"tag-bruno-savate","10":"tag-desistir","11":"tag-dylan","12":"tag-entala","13":"tag-entertainment","14":"tag-entretenimento","15":"tag-portugal","16":"tag-pt","17":"tag-tomates","18":"tag-tv"},"share_on_mastodon":{"url":"https:\/\/pubeurope.com\/@pt\/115617033653918655","error":""},"_links":{"self":[{"href":"https:\/\/www.europesays.com\/pt\/wp-json\/wp\/v2\/posts\/166036","targetHints":{"allow":["GET"]}}],"collection":[{"href":"https:\/\/www.europesays.com\/pt\/wp-json\/wp\/v2\/posts"}],"about":[{"href":"https:\/\/www.europesays.com\/pt\/wp-json\/wp\/v2\/types\/post"}],"author":[{"embeddable":true,"href":"https:\/\/www.europesays.com\/pt\/wp-json\/wp\/v2\/users\/2"}],"replies":[{"embeddable":true,"href":"https:\/\/www.europesays.com\/pt\/wp-json\/wp\/v2\/comments?post=166036"}],"version-history":[{"count":0,"href":"https:\/\/www.europesays.com\/pt\/wp-json\/wp\/v2\/posts\/166036\/revisions"}],"wp:featuredmedia":[{"embeddable":true,"href":"https:\/\/www.europesays.com\/pt\/wp-json\/wp\/v2\/media\/166037"}],"wp:attachment":[{"href":"https:\/\/www.europesays.com\/pt\/wp-json\/wp\/v2\/media?parent=166036"}],"wp:term":[{"taxonomy":"category","embeddable":true,"href":"https:\/\/www.europesays.com\/pt\/wp-json\/wp\/v2\/categories?post=166036"},{"taxonomy":"post_tag","embeddable":true,"href":"https:\/\/www.europesays.com\/pt\/wp-json\/wp\/v2\/tags?post=166036"}],"curies":[{"name":"wp","href":"https:\/\/api.w.org\/{rel}","templated":true}]}}