{"id":166066,"date":"2025-11-26T17:12:15","date_gmt":"2025-11-26T17:12:15","guid":{"rendered":"https:\/\/www.europesays.com\/pt\/166066\/"},"modified":"2025-11-26T17:12:15","modified_gmt":"2025-11-26T17:12:15","slug":"maduro-exibe-espada-de-simon-bolivar-em-marcha-em-caracas-observador","status":"publish","type":"post","link":"https:\/\/www.europesays.com\/pt\/166066\/","title":{"rendered":"Maduro exibe espada de Sim\u00f3n Bol\u00edvar em marcha em Caracas \u2013 Observador"},"content":{"rendered":"<p>O Presidente da Venezuela exibiu a espada do libertador Sim\u00f3n Bol\u00edvar, tamb\u00e9m conhecida como a Espada do Peru, perante milhares de participantes numa marcha contra o \u201cimperialismo\u201d em Caracas.<\/p>\n<p>O ato, na ter\u00e7a-feira, ocorreu um dia depois de os Estados Unidos designarem o denominado Cartel dos S\u00f3is como organiza\u00e7\u00e3o terrorista internacional.<\/p>\n<p>\u201c<strong>Juro diante deste c\u00e9u, juro diante de nosso senhor Jesus Cristo, que darei todo o meu esfor\u00e7o pela vit\u00f3ria da Venezuela contra as amea\u00e7as e agress\u00f5es do imperialismo<\/strong>\u201c, afirmou Nicol\u00e1s Maduro ao liderar um juramento do qual participaram os presentes.<\/p>\n<p>Maduro, vestido com camuflado e rodeado pelos seus ministros, falou no P\u00e1tio de Honra da Academia Militar da Venezuela, situada no Forte Tiuna, um dos principais complexos militares do pa\u00eds, at\u00e9 onde chegou a numerosa mobiliza\u00e7\u00e3o.<\/p>\n<p>\u201cRecebo-a 200 anos depois com a sua energia e a sua for\u00e7a libertadora, emancipadora dos povos, esta \u00e9 a espada da vit\u00f3ria de toda a Am\u00e9rica do Sul\u201d, disse o Presidente da Venezuela ap\u00f3s desembainhar a espada dourada, que foi um presente que a C\u00e2mara Municipal de Lima entregou a Bol\u00edvar a 30 de outubro de 1825, ap\u00f3s as vit\u00f3rias das batalhas de Jun\u00edn e Ayacucho, no Peru, como parte da guerra de independ\u00eancia.<\/p>\n<p>A mobiliza\u00e7\u00e3o chavista homenageou o <strong>bicenten\u00e1rio da espada<\/strong>, que foi transportada num carro dentro de uma urna de vidro pelo Passeio Los Pr\u00f3ceres, onde normalmente se celebra o desfile do Dia da Independ\u00eancia.<\/p>\n<p>Para al\u00e9m do seu significado hist\u00f3rico, a espada de Bol\u00edvar tornou-se tamb\u00e9m um s\u00edmbolo do pr\u00f3prio chavismo: tanto o falecido presidente Hugo Ch\u00e1vez como Maduro t\u00eam atribu\u00eddo r\u00e9plicas desta a quem consideram aliados em diferentes contextos.<\/p>\n<p>Ch\u00e1vez ofereceu r\u00e9plicas a v\u00e1rios dirigentes nas suas visitas \u00e0 Venezuela, como o russo Vladimir Putin, o s\u00edrio Bashar al-Assad, o l\u00edbio Muamar al-Kadhafi, o cubano Ra\u00fal Castro, o boliviano Evo Morales ou a argentina Cristina Fern\u00e1ndez de Kirchner.<\/p>\n<p>Maduro tamb\u00e9m presenteou com estas r\u00e9plicas da espada outros chefes de Estado, incluindo novamente Putin ou o turco Recep Tayyip Erdogan, e l\u00edderes do chavismo que foram alvo de san\u00e7\u00f5es dos Estados Unidos.<\/p>\n<p>A Espada do Peru tem uma bainha feita de ouro maci\u00e7o, com diamantes e brilhantes no punho, assim como v\u00e1rias inscri\u00e7\u00f5es gravadas na l\u00e2mina, incluindo no verso \u201cSim\u00f3n Bol\u00edvar\u201d \u2014 \u201cUni\u00e3o e Liberdade\u201d, e do lado contr\u00e1rio \u201cLibertador da Col\u00f4mbia e do Peru\u201d.<\/p>\n<p>O Governo chavista rejeitou na segunda-feira a designa\u00e7\u00e3o norte-americana\u00a0do Cartel dos S\u00f3is como grupo terrorista, considerando \u201cinexistente\u201da\u00a0organiza\u00e7\u00e3o.<\/p>\n<p>Apontou ainda que o governo de Donald Trump reedita uma \u201cvil mentira\u201d para justificar uma interven\u00e7\u00e3o, num momento de tens\u00f5es entre os dois pa\u00edses provocadas pelo destacamento militar norte-americano nas Cara\u00edbas.<\/p>\n","protected":false},"excerpt":{"rendered":"O Presidente da Venezuela exibiu a espada do libertador Sim\u00f3n Bol\u00edvar, tamb\u00e9m conhecida como a Espada do Peru,&hellip;\n","protected":false},"author":2,"featured_media":166067,"comment_status":"","ping_status":"","sticky":false,"template":"","format":"standard","meta":{"footnotes":""},"categories":[50],"tags":[27,28,15,16,14,25,26,21,22,62,12,11336,13,19,20,23,24,17,18,29,30,31,3023,63,64,65],"class_list":{"0":"post-166066","1":"post","2":"type-post","3":"status-publish","4":"format-standard","5":"has-post-thumbnail","7":"category-mundo","8":"tag-breaking-news","9":"tag-breakingnews","10":"tag-featured-news","11":"tag-featurednews","12":"tag-headlines","13":"tag-latest-news","14":"tag-latestnews","15":"tag-main-news","16":"tag-mainnews","17":"tag-mundo","18":"tag-news","19":"tag-nicolu00e1s-maduro","20":"tag-noticias","21":"tag-noticias-principais","22":"tag-noticiasprincipais","23":"tag-principais-noticias","24":"tag-principaisnoticias","25":"tag-top-stories","26":"tag-topstories","27":"tag-ultimas","28":"tag-ultimas-noticias","29":"tag-ultimasnoticias","30":"tag-venezuela","31":"tag-world","32":"tag-world-news","33":"tag-worldnews"},"share_on_mastodon":{"url":"https:\/\/pubeurope.com\/@pt\/115617119813649102","error":""},"_links":{"self":[{"href":"https:\/\/www.europesays.com\/pt\/wp-json\/wp\/v2\/posts\/166066","targetHints":{"allow":["GET"]}}],"collection":[{"href":"https:\/\/www.europesays.com\/pt\/wp-json\/wp\/v2\/posts"}],"about":[{"href":"https:\/\/www.europesays.com\/pt\/wp-json\/wp\/v2\/types\/post"}],"author":[{"embeddable":true,"href":"https:\/\/www.europesays.com\/pt\/wp-json\/wp\/v2\/users\/2"}],"replies":[{"embeddable":true,"href":"https:\/\/www.europesays.com\/pt\/wp-json\/wp\/v2\/comments?post=166066"}],"version-history":[{"count":0,"href":"https:\/\/www.europesays.com\/pt\/wp-json\/wp\/v2\/posts\/166066\/revisions"}],"wp:featuredmedia":[{"embeddable":true,"href":"https:\/\/www.europesays.com\/pt\/wp-json\/wp\/v2\/media\/166067"}],"wp:attachment":[{"href":"https:\/\/www.europesays.com\/pt\/wp-json\/wp\/v2\/media?parent=166066"}],"wp:term":[{"taxonomy":"category","embeddable":true,"href":"https:\/\/www.europesays.com\/pt\/wp-json\/wp\/v2\/categories?post=166066"},{"taxonomy":"post_tag","embeddable":true,"href":"https:\/\/www.europesays.com\/pt\/wp-json\/wp\/v2\/tags?post=166066"}],"curies":[{"name":"wp","href":"https:\/\/api.w.org\/{rel}","templated":true}]}}