{"id":166073,"date":"2025-11-26T17:20:18","date_gmt":"2025-11-26T17:20:18","guid":{"rendered":"https:\/\/www.europesays.com\/pt\/166073\/"},"modified":"2025-11-26T17:20:18","modified_gmt":"2025-11-26T17:20:18","slug":"filme-khaos-estreia-hoje-em-nova-lima-com-elenco-local","status":"publish","type":"post","link":"https:\/\/www.europesays.com\/pt\/166073\/","title":{"rendered":"Filme &#8220;Khaos&#8221; estreia hoje em Nova Lima com elenco local"},"content":{"rendered":"<p>Nova Lima se v\u00ea nas telas com estreia de &#8216;Khaos&#8217;, filme sobre amizade e amadurecimento<\/p>\n<p><a href=\"https:\/\/cdn6.campograndenews.com.br\/uploads\/noticias\/2025\/11\/26\/45fc18307b3cc8854d9b952130391febf97596ee.png\" data-fslightbox=\"gallery\" data-title=\"Filme estreia no Nova Lima com o talento de quem \u00e9 do pr\u00f3prio bairro\" rel=\"nofollow noopener\" target=\"_blank\"><img decoding=\"async\" src=\"https:\/\/www.europesays.com\/pt\/wp-content\/uploads\/2025\/11\/3s9ex0l777cw0.png\" class=\"img-fluid\" alt=\"Filme estreia no Nova Lima com o talento de quem \u00e9 do pr\u00f3prio bairro\" title=\"Filme estreia no Nova Lima com o talento de quem \u00e9 do pr\u00f3prio bairro\" width=\"1131\" height=\"634\"   loading=\"lazy\"\/><\/a>Dirigido por Aniele Paes, o curta foi inteiramente filmado no bairro Nova Lima.<\/p>\n<p>No Nova Lima, onde a vida corre do jeito que \u00e9, cheia de hist\u00f3ria, nasce hoje um filme que poderia ter sido contado em qualquer cal\u00e7ada do bairro. \u201cKhaos\u201d estreia \u00e0s 20h na <a href=\"https:\/\/www.campograndenews.com.br\/educacao\" target=\"_blank\" rel=\"nofollow noopener\">Escola<\/a> Lino Villach\u00e1 e traz para a tela exatamente aquilo que o povo dali conhece bem, a amizade verdadeira, desafios do \u00faltimo ano da escola e as escolhas que come\u00e7am a pesar quando a vida adulta bate na porta.<\/p>\n<p>Dirigido por Aniele Paes, o curta foi inteiramente filmado no bairro Nova Lima. A maior parte do elenco \u00e9 formada por atores do pr\u00f3prio bairro, gente que reconhece cada esquina e carrega na fala e no corpo uma familiaridade que nenhuma prepara\u00e7\u00e3o consegue reproduzir.<\/p>\n<p>A hist\u00f3ria acompanha Gael (Jean Nunes) e Guto (Kau\u00e3 Douglas), amigos desde a inf\u00e2ncia e agora empurrados para a fase em que tudo come\u00e7a a apertar: o \u00faltimo ano do ensino m\u00e9dio. \u00c9 quando o mundo, que antes era feito s\u00f3 de brincadeiras e confid\u00eancias, come\u00e7a a cobrar posicionamento. As press\u00f5es familiares, os olhares de fora, as d\u00favidas que crescem mais r\u00e1pido que eles, tudo isso amea\u00e7a o la\u00e7o que sempre pareceu inabal\u00e1vel.<\/p>\n<p>O filme trata de amizade, sim. Mas trata, sobretudo, daquele ponto fr\u00e1gil e inevit\u00e1vel em que crescer significa perder algumas certezas. \u00c9 sobre o medo de romper com quem somos para descobrir quem podemos ser. Sem exagero, sem didatismo, sem tentativa de dourar o caos adolescente. \u00c9 um retrato sens\u00edvel, \u00e0s vezes duro, \u00e0s vezes terno, como a vida costuma ser.<\/p>\n<p>No elenco, participa\u00e7\u00f5es especiais de Romilda Pizani, Kar\u00f4 Castanha, \u00c9der Santos e Jennifer Kill.<\/p>\n<p>A sess\u00e3o \u00e9 gratuita e acontece na <a href=\"https:\/\/www.campograndenews.com.br\/educacao\" target=\"_blank\" rel=\"nofollow noopener\">Escola<\/a> Lino Villach\u00e1 (Rua Jer\u00f4nimo de Albuquerque, 1941, Nova Lima) a partir das 20h.<\/p>\n<p><a href=\"https:\/\/cdn6.campograndenews.com.br\/uploads\/noticias\/2025\/11\/26\/1c1fa36b47301032a853350b63afec02673b47f3.png\" data-fslightbox=\"gallery\" data-title=\"Filme estreia no Nova Lima com o talento de quem \u00e9 do pr\u00f3prio bairro\" rel=\"nofollow noopener\" target=\"_blank\"><img decoding=\"async\" src=\"https:\/\/www.europesays.com\/pt\/wp-content\/uploads\/2025\/11\/1lt07kqdqtigx.png\" class=\"img-fluid\" alt=\"Filme estreia no Nova Lima com o talento de quem \u00e9 do pr\u00f3prio bairro\" title=\"Filme estreia no Nova Lima com o talento de quem \u00e9 do pr\u00f3prio bairro\" width=\"804\" height=\"437\"   loading=\"lazy\"\/><\/a><\/p>\n<p>Acompanhe o<strong>\u00a0Lado B\u00a0<\/strong>no Instagram <a href=\"https:\/\/www.instagram.com\/ladobcgoficial\/\" rel=\"noopener noreferrer nofollow\" target=\"_blank\">@ladobcgoficial<\/a>, <a href=\"https:\/\/www.facebook.com\/ladobcg\" rel=\"noopener noreferrer nofollow\" target=\"_blank\">Facebook<\/a> e<a href=\"https:\/\/twitter.com\/ladobcg\" rel=\"noopener noreferrer nofollow\" target=\"_blank\">\u00a0Twitter<\/a>. Tem pauta para sugerir? Mande nas redes sociais ou no Direto das Ruas atrav\u00e9s do <a href=\"https:\/\/www.campograndenews.com.br\/fale-conosco\" target=\"_blank\" rel=\"nofollow noopener\">WhatsApp<\/a><a href=\"https:\/\/api.whatsapp.com\/send?phone=5567996699563&amp;text=&amp;source=&amp;data=&amp;app_absent=\" rel=\"noopener noreferrer nofollow\" target=\"_blank\">\u00a0(67) 99669-9563 (chame aqui)<\/a>.<\/p>\n<p>Receba as principais not\u00edcias do Estado pelo Whats. <a href=\"https:\/\/chat.whatsapp.com\/Kajn5WniqVnA7hsSUn6vbP*Wi-Fi\" rel=\"noopener noreferrer nofollow\" target=\"_blank\">Clique aqui para entrar na lista VIP do Campo Grande News<\/a>.<\/p>\n<p><script async src=\"https:\/\/platform.twitter.com\/widgets.js\" charset=\"utf-8\"><\/script><script async src=\"\/\/www.instagram.com\/embed.js\"><\/script><\/p>\n","protected":false},"excerpt":{"rendered":"Nova Lima se v\u00ea nas telas com estreia de &#8216;Khaos&#8217;, filme sobre amizade e amadurecimento Dirigido por Aniele&hellip;\n","protected":false},"author":2,"featured_media":166074,"comment_status":"","ping_status":"","sticky":false,"template":"","format":"standard","meta":{"footnotes":""},"categories":[140],"tags":[35064,13915,35063,25780,114,115,35065,147,471,148,22929,35059,7147,8043,146,35060,35061,32,33,35062,35066,35058],"class_list":{"0":"post-166073","1":"post","2":"type-post","3":"status-publish","4":"format-standard","5":"has-post-thumbnail","7":"category-filmes","8":"tag-khaos-estreia","9":"tag-bairro","10":"tag-calada","11":"tag-cheia","12":"tag-entertainment","13":"tag-entretenimento","14":"tag-escola-lino-villach","15":"tag-film","16":"tag-filme","17":"tag-filmes","18":"tag-histria","19":"tag-jeito","20":"tag-lima","21":"tag-lotrica-campo-grande","22":"tag-movies","23":"tag-nasce","24":"tag-poderia","25":"tag-portugal","26":"tag-pt","27":"tag-sido-contado","28":"tag-traz","29":"tag-vida-corre"},"share_on_mastodon":{"url":"https:\/\/pubeurope.com\/@pt\/115617151510362452","error":""},"_links":{"self":[{"href":"https:\/\/www.europesays.com\/pt\/wp-json\/wp\/v2\/posts\/166073","targetHints":{"allow":["GET"]}}],"collection":[{"href":"https:\/\/www.europesays.com\/pt\/wp-json\/wp\/v2\/posts"}],"about":[{"href":"https:\/\/www.europesays.com\/pt\/wp-json\/wp\/v2\/types\/post"}],"author":[{"embeddable":true,"href":"https:\/\/www.europesays.com\/pt\/wp-json\/wp\/v2\/users\/2"}],"replies":[{"embeddable":true,"href":"https:\/\/www.europesays.com\/pt\/wp-json\/wp\/v2\/comments?post=166073"}],"version-history":[{"count":0,"href":"https:\/\/www.europesays.com\/pt\/wp-json\/wp\/v2\/posts\/166073\/revisions"}],"wp:featuredmedia":[{"embeddable":true,"href":"https:\/\/www.europesays.com\/pt\/wp-json\/wp\/v2\/media\/166074"}],"wp:attachment":[{"href":"https:\/\/www.europesays.com\/pt\/wp-json\/wp\/v2\/media?parent=166073"}],"wp:term":[{"taxonomy":"category","embeddable":true,"href":"https:\/\/www.europesays.com\/pt\/wp-json\/wp\/v2\/categories?post=166073"},{"taxonomy":"post_tag","embeddable":true,"href":"https:\/\/www.europesays.com\/pt\/wp-json\/wp\/v2\/tags?post=166073"}],"curies":[{"name":"wp","href":"https:\/\/api.w.org\/{rel}","templated":true}]}}