{"id":166081,"date":"2025-11-26T17:25:12","date_gmt":"2025-11-26T17:25:12","guid":{"rendered":"https:\/\/www.europesays.com\/pt\/166081\/"},"modified":"2025-11-26T17:25:12","modified_gmt":"2025-11-26T17:25:12","slug":"byd-revela-novos-atto-2-dm-i-e-atto-2-comfort-100-eletrico","status":"publish","type":"post","link":"https:\/\/www.europesays.com\/pt\/166081\/","title":{"rendered":"BYD revela novos ATTO 2 DM-i e ATTO 2 Comfort 100% el\u00e9trico"},"content":{"rendered":"<p>Fabricante l\u00edder mundial de ve\u00edculos movidos a novas energias (em ingl\u00eas, NEV), a BYD anunciou dois lan\u00e7amentos que refor\u00e7am a sua presen\u00e7a no segmento dos SUV compactos: o Super H\u00edbrido Plug-in ATTO 2 DM-i e a nova vers\u00e3o Comfort do 100% el\u00e9trico ATTO 2. A chegar ao mercado portugu\u00eas, brevemente, ambos procuram oferecer mais efici\u00eancia, mais autonomia e mais tecnologia.<\/p>\n<p><a target=\"_blank\" href=\"https:\/\/pplware.sapo.pt\/wp-content\/uploads\/2025\/11\/BYD_Super-Hibrido_-Plug-in_ATTO-2-DM-i_BYD-ATTO-2-Comfort_100eletrico.jpg\" onclick=\"refreshIframe()\" class=\"foobox\" rel=\"nofollow noopener\"><img fetchpriority=\"high\" decoding=\"async\" src=\"https:\/\/www.europesays.com\/pt\/wp-content\/uploads\/2025\/11\/BYD_Super-Hibrido_-Plug-in_ATTO-2-DM-i_BYD-ATTO-2-Comfort_100eletrico-720x405.jpg\" alt=\"Novos BYD ATTO 2 DM-i e ATTO 2 Comfort 100% el\u00e9trico\" width=\"720\" height=\"405\" class=\"aligncenter wp-image-1090489 size-medium\"  \/><\/a>\n<\/p>\n<p>Com a mesma tecnologia DM-i dos Super H\u00edbridos Plug-in que levou o BYD SEAL U DM-i a liderar vendas em diversos mercados europeus, o novo ATTO 2 DM-i redefine o conceito de efici\u00eancia no segmento dos SUV compactos.<\/p>\n<p>A solu\u00e7\u00e3o DM-i permite combinar uma condu\u00e7\u00e3o el\u00e9trica fluida, com at\u00e9 90 km de condu\u00e7\u00e3o 100% el\u00e9trica a ser suficiente para a maioria das desloca\u00e7\u00f5es di\u00e1rias, com uma autonomia total de at\u00e9 1000 km.<\/p>\n<p>Desta forma, a BYD promove uma transi\u00e7\u00e3o segura e pr\u00e1tica rumo \u00e0 mobilidade el\u00e9trica.<\/p>\n<dl class=\"gallery-item\">\n<dt class=\"gallery-icon landscape\">\n\t\t\t\t<a data-attachment-id=\"1090493\" href=\"https:\/\/pplware.sapo.pt\/wp-content\/uploads\/2025\/11\/BYD-ATTO-2-DM-i-1.jpg\" rel=\"nofollow noopener\" target=\"_blank\"><img loading=\"lazy\" decoding=\"async\" width=\"720\" height=\"405\" src=\"https:\/\/www.europesays.com\/pt\/wp-content\/uploads\/2025\/11\/BYD-ATTO-2-DM-i-1-720x405.jpg\" class=\"attachment-medium size-medium\" alt=\"BYD ATTO 2 DM-i\" aria-describedby=\"gallery-1-1090493\"  \/><\/a>\n\t\t\t<\/dt>\n<dd class=\"wp-caption-text gallery-caption\" id=\"gallery-1-1090493\">\n\t\t\t\tBYD ATTO 2 DM-i\n\t\t\t\t<\/dd>\n<\/dl>\n<dl class=\"gallery-item\">\n<dt class=\"gallery-icon landscape\">\n\t\t\t\t<a data-attachment-id=\"1090490\" href=\"https:\/\/pplware.sapo.pt\/wp-content\/uploads\/2025\/11\/BYD-ATTO-2-DM-i-4.jpg\" rel=\"nofollow noopener\" target=\"_blank\"><img loading=\"lazy\" decoding=\"async\" width=\"720\" height=\"405\" src=\"https:\/\/www.europesays.com\/pt\/wp-content\/uploads\/2025\/11\/BYD-ATTO-2-DM-i-4-720x405.jpg\" class=\"attachment-medium size-medium\" alt=\"BYD ATTO 2 DM-i\" aria-describedby=\"gallery-1-1090490\"  \/><\/a>\n\t\t\t<\/dt>\n<dd class=\"wp-caption-text gallery-caption\" id=\"gallery-1-1090490\">\n\t\t\t\tBYD ATTO 2 DM-i\n\t\t\t\t<\/dd>\n<\/dl>\n<p><br style=\"clear: both\"\/><\/p>\n<p>Novos modelos BYD para o mercado portugu\u00eas<\/p>\n<p>O novo BYD ATTO 2 DM-i destaca-se ainda pelo consumo ponderado combinado reduzido de 1,8 L\/100 km, pelos interiores concebidos com qualidade, tendo em conta a ergonomia, e por sistemas inteligentes que facilitam o quotidiano, como o controlo de voz aprimorado por Intelig\u00eancia Artificial.<\/p>\n<p>Por sua vez, o novo BYD ATTO 2 Comfort 100% el\u00e9trico eleva a fasquia do segmento, integrando uma bateria maior, de 64,8 kWh, que acrescenta quase 120 km de autonomia face \u00e0s vers\u00f5es atuais e permite atingir at\u00e9 430 km em ciclo combinado WLTP.<\/p>\n<dl class=\"gallery-item\">\n<dt class=\"gallery-icon landscape\">\n\t\t\t\t<a data-attachment-id=\"1090494\" href=\"https:\/\/pplware.sapo.pt\/wp-content\/uploads\/2025\/11\/BYD-ATTO-2-4.jpg\" rel=\"nofollow noopener\" target=\"_blank\"><img loading=\"lazy\" decoding=\"async\" width=\"720\" height=\"405\" src=\"https:\/\/www.europesays.com\/pt\/wp-content\/uploads\/2025\/11\/BYD-ATTO-2-4-720x405.jpg\" class=\"attachment-medium size-medium\" alt=\"BYD ATTO 2 Comfort 100% el\u00e9trico\" aria-describedby=\"gallery-2-1090494\"  \/><\/a>\n\t\t\t<\/dt>\n<dd class=\"wp-caption-text gallery-caption\" id=\"gallery-2-1090494\">\n\t\t\t\tBYD ATTO 2 Comfort 100% el\u00e9trico\n\t\t\t\t<\/dd>\n<\/dl>\n<dl class=\"gallery-item\">\n<dt class=\"gallery-icon landscape\">\n\t\t\t\t<a data-attachment-id=\"1090495\" href=\"https:\/\/pplware.sapo.pt\/wp-content\/uploads\/2025\/11\/BYD-ATTO-2-3.jpg\" rel=\"nofollow noopener\" target=\"_blank\"><img loading=\"lazy\" decoding=\"async\" width=\"720\" height=\"405\" src=\"https:\/\/www.europesays.com\/pt\/wp-content\/uploads\/2025\/11\/BYD-ATTO-2-3-720x405.jpg\" class=\"attachment-medium size-medium\" alt=\"BYD ATTO 2 Comfort 100% el\u00e9trico\" aria-describedby=\"gallery-2-1090495\"  \/><\/a>\n\t\t\t<\/dt>\n<dd class=\"wp-caption-text gallery-caption\" id=\"gallery-2-1090495\">\n\t\t\t\tBYD ATTO 2 Comfort 100% el\u00e9trico\n\t\t\t\t<\/dd>\n<\/dl>\n<p><br style=\"clear: both\"\/><\/p>\n<p>O novo carregamento DC r\u00e1pido at\u00e9 155 kW reduz substancialmente o tempo de espera, permitindo cargas de 10 a 80% em apenas 25 minutos.<\/p>\n<p>Com melhorias pr\u00e1ticas no interior, que v\u00e3o, por exemplo, das portas USB mais r\u00e1pidas e vidros escurecidos, a uma bagageira alargada a 450 litros, o novo BYD ATTO 2 Comfort oferece maior conveni\u00eancia para os utilizadores.<\/p>\n<p><a target=\"_blank\" href=\"https:\/\/pplware.sapo.pt\/wp-content\/uploads\/2025\/11\/BYD-ATTO-2-DM-i-2.jpg\" onclick=\"refreshIframe()\" class=\"foobox\" rel=\"nofollow noopener\"><img loading=\"lazy\" decoding=\"async\" aria-describedby=\"caption-attachment-1090492\" src=\"https:\/\/www.europesays.com\/pt\/wp-content\/uploads\/2025\/11\/BYD-ATTO-2-DM-i-2-720x405.jpg\" alt=\"BYD ATTO 2 DM-i\" width=\"720\" height=\"405\" class=\"wp-image-1090492 size-medium\"  \/><\/a><\/p>\n<p id=\"caption-attachment-1090492\" class=\"wp-caption-text\">BYD ATTO 2 DM-i<\/p>\n<p>Disponibilidade<\/p>\n<p>Em Portugal, o novo BYD ATTO 2 Comfort estar\u00e1 dispon\u00edvel para venda a partir do in\u00edcio de dezembro, e o BYD ATTO 2 DM-i estar\u00e1 dispon\u00edvel para pr\u00e9-venda no in\u00edcio do pr\u00f3ximo m\u00eas, tamb\u00e9m, com lan\u00e7amento oficial previsto para o primeiro trimestre de 2026.<\/p>\n","protected":false},"excerpt":{"rendered":"Fabricante l\u00edder mundial de ve\u00edculos movidos a novas energias (em ingl\u00eas, NEV), a BYD anunciou dois lan\u00e7amentos que&hellip;\n","protected":false},"author":2,"featured_media":166082,"comment_status":"","ping_status":"","sticky":false,"template":"","format":"standard","meta":{"footnotes":""},"categories":[83],"tags":[88,3895,28597,35067,89,90,32,33],"class_list":{"0":"post-166081","1":"post","2":"type-post","3":"status-publish","4":"format-standard","5":"has-post-thumbnail","7":"category-empresas","8":"tag-business","9":"tag-byd","10":"tag-byd-atto-2","11":"tag-byd-atto-2-dm-i","12":"tag-economy","13":"tag-empresas","14":"tag-portugal","15":"tag-pt"},"share_on_mastodon":{"url":"https:\/\/pubeurope.com\/@pt\/115617171343138359","error":""},"_links":{"self":[{"href":"https:\/\/www.europesays.com\/pt\/wp-json\/wp\/v2\/posts\/166081","targetHints":{"allow":["GET"]}}],"collection":[{"href":"https:\/\/www.europesays.com\/pt\/wp-json\/wp\/v2\/posts"}],"about":[{"href":"https:\/\/www.europesays.com\/pt\/wp-json\/wp\/v2\/types\/post"}],"author":[{"embeddable":true,"href":"https:\/\/www.europesays.com\/pt\/wp-json\/wp\/v2\/users\/2"}],"replies":[{"embeddable":true,"href":"https:\/\/www.europesays.com\/pt\/wp-json\/wp\/v2\/comments?post=166081"}],"version-history":[{"count":0,"href":"https:\/\/www.europesays.com\/pt\/wp-json\/wp\/v2\/posts\/166081\/revisions"}],"wp:featuredmedia":[{"embeddable":true,"href":"https:\/\/www.europesays.com\/pt\/wp-json\/wp\/v2\/media\/166082"}],"wp:attachment":[{"href":"https:\/\/www.europesays.com\/pt\/wp-json\/wp\/v2\/media?parent=166081"}],"wp:term":[{"taxonomy":"category","embeddable":true,"href":"https:\/\/www.europesays.com\/pt\/wp-json\/wp\/v2\/categories?post=166081"},{"taxonomy":"post_tag","embeddable":true,"href":"https:\/\/www.europesays.com\/pt\/wp-json\/wp\/v2\/tags?post=166081"}],"curies":[{"name":"wp","href":"https:\/\/api.w.org\/{rel}","templated":true}]}}