{"id":166091,"date":"2025-11-26T17:33:28","date_gmt":"2025-11-26T17:33:28","guid":{"rendered":"https:\/\/www.europesays.com\/pt\/166091\/"},"modified":"2025-11-26T17:33:28","modified_gmt":"2025-11-26T17:33:28","slug":"o-que-faria-o-deep-purple-parar-segundo-ian-gillan","status":"publish","type":"post","link":"https:\/\/www.europesays.com\/pt\/166091\/","title":{"rendered":"O que faria o Deep Purple parar, segundo Ian Gillan"},"content":{"rendered":"\n<p>O <strong><a href=\"https:\/\/igormiranda.com.br\/tag\/deep-purple\/\" target=\"_blank\" rel=\"noreferrer noopener nofollow\">Deep Purple<\/a><\/strong> n\u00e3o mostra muitos sinais de que v\u00e1 parar as atividades. Todavia, segundo duas declara\u00e7\u00f5es de <strong><a href=\"https:\/\/igormiranda.com.br\/tag\/ian-gillan\/\" target=\"_blank\" rel=\"noreferrer noopener nofollow\">Ian Gillan<\/a><\/strong>, o fim pode estar pr\u00f3ximo.<\/p>\n<p>O vocalista de 80 anos acredita que o momento de interromper os trabalhos ocorrer\u00e1 apenas quando a banda n\u00e3o puder mais entregar qualidade. Mesmo com a idade avan\u00e7ada da maioria dos integrantes, n\u00e3o tem sido o caso ainda, mas <a href=\"https:\/\/igormiranda.com.br\/2025\/11\/ian-gillan-revela-perda-visao-considera-aposentadoria\/\" target=\"_blank\" rel=\"noreferrer noopener nofollow\">Gillan sofre de um problema de vis\u00e3o<\/a> que pode complicar sua rotina nos palcos.<\/p>\n<p>&#8211; Advertisement &#8211;<\/p>\n<p>Em entrevista \u00e0 <a href=\"https:\/\/www.youtube.com\/@Dubai92DXB\" target=\"_blank\" rel=\"noreferrer noopener nofollow\">Dubai 92<\/a> (via <a href=\"https:\/\/bravewords.com\/news\/ian-gillan-says-deep-purple-dont-really-talk-about-retiring-i-think-human-dignity-is-gonna-be-the-deciding-factor-video\/\" target=\"_blank\" rel=\"noreferrer noopener nofollow\">Blabbermouth<\/a>), o artista comentou a quest\u00e3o da aposentadoria. Embora tenha consci\u00eancia de que o dia se aproxima, Ian elogiou a vitalidade do grupo, especialmente com a presen\u00e7a do novo guitarrista <strong>Simon McBride<\/strong>, hoje com 46 anos.<\/p>\n<p>O cantor afirmou:<\/p>\n<p>\u201cAcho que a banda est\u00e1 rejuvenescida desde que Simon se juntou a n\u00f3s. E ent\u00e3o temos muito pela frente. E voc\u00ea n\u00e3o faz planos a longo prazo se est\u00e1 pensando em parar. Ent\u00e3o, vamos ver o que o futuro reserva. Acho que provavelmente a dignidade humana ser\u00e1 o fator principal. Quando voc\u00ea come\u00e7a a sair e envergonhar as pessoas com sua inabilidade de fazer o que fez durante toda a sua vida, ent\u00e3o \u00e9 hora de parar. Mas at\u00e9 esse momento chegar, estamos bem.\u201d<\/p>\n<p> Vis\u00e3o de Ian Gillan <\/p>\n<p>Em entrevista \u00e0 Uncut (via\u00a0<a href=\"https:\/\/faroutmagazine.co.uk\/deep-purple-ian-gillan-possible-retirement-going-blind\/\" rel=\"nofollow noopener\" target=\"_blank\">Far Out Magazine<\/a>), Ian Gillan contou que est\u00e1 perdendo a vis\u00e3o. Isso mudou seu cotidiano. Ele falou:<\/p>\n<p>\u201c\u00c9 uma daquelas coisas. S\u00f3 tenho 30% da minha vis\u00e3o hoje em dia. N\u00e3o vai melhorar. Isso torna a vida misteriosa. A coisa mais dif\u00edcil \u00e9 trabalhar no meu laptop. N\u00e3o consigo ver nada na tela a n\u00e3o ser que use minha vis\u00e3o perif\u00e9rica \u2013 consigo entender uma frase olhando pra ela de lado. Mas voc\u00ea encontra um jeito. Voc\u00ea se adapta.\u201d<\/p>\n<p>Quanto a essa condi\u00e7\u00e3o amea\u00e7ar o futuro do Deep Purple, o cantor n\u00e3o deu uma resposta definitiva. Apenas deu a entender que o fim pode estar pr\u00f3ximo:<\/p>\n<p>\u201cAcho que se perder minha energia, eu vou parar. N\u00e3o quero ser um motivo de vergonha para ningu\u00e9m. N\u00e3o estamos muito longe disso. Esse momento chega do nada \u2013 voc\u00ea n\u00e3o nota ele vindo.\u201d<\/p>\n<p> Deep Purple em 2026 <\/p>\n<p>Enquanto isso n\u00e3o ocorre, Ian Gillan deu a entender que o Deep Purple pode passar pelo Brasil mais uma vez em 2026. Em entrevista de setembro de 2025 \u00e0\u00a0<a href=\"https:\/\/www.youtube.com\/watch?v=PsGpFedyaPQ\" rel=\"nofollow noopener\" target=\"_blank\">institui\u00e7\u00e3o Third Age Trust<\/a>\u00a0(transcri\u00e7\u00e3o via\u00a0<a href=\"https:\/\/blabbermouth.net\/news\/ian-gillan-if-there-was-a-planet-that-had-five-polar-regions-it-would-be-called-deep-purple\" rel=\"nofollow noopener\" target=\"_blank\">Blabbermouth<\/a>), o vocalista\u00a0<a href=\"https:\/\/igormiranda.com.br\/2025\/09\/deep-purple-brasil-2026-pode-voltar-segundo-ian-gillan\/\" target=\"_blank\" rel=\"noreferrer noopener nofollow\">descreveu<\/a>\u00a0o itiner\u00e1rio do grupo no pr\u00f3ximo ano, come\u00e7ando em abril na \u00c1sia e possivelmente na Am\u00e9rica do Sul. Entretanto, nada foi oficializado ainda.<\/p>\n<p><strong>Clique<\/strong> para seguir IgorMiranda.com.br no: <a href=\"https:\/\/instagram.com\/igormirandasite\" target=\"_blank\" rel=\"noreferrer noopener nofollow\">Instagram<\/a> | <a href=\"https:\/\/bsky.app\/profile\/igormirandasite.bsky.social\" target=\"_blank\" rel=\"noreferrer noopener nofollow\">Bluesky<\/a> | <a href=\"https:\/\/twitter.com\/igormirandasite\" target=\"_blank\" rel=\"noreferrer noopener nofollow\">Twitter<\/a> | <a href=\"https:\/\/tiktok.com\/@igormirandasite\" target=\"_blank\" rel=\"noreferrer noopener nofollow\">TikTok<\/a> | <a href=\"https:\/\/facebook.com\/igormirandasite\" target=\"_blank\" rel=\"noreferrer noopener nofollow\">Facebook<\/a> | <a href=\"https:\/\/www.youtube.com\/igormirandasite\" target=\"_blank\" rel=\"noreferrer noopener nofollow\">YouTube<\/a> | <a href=\"https:\/\/www.threads.net\/@igormirandasite\" target=\"_blank\" rel=\"noreferrer noopener nofollow\">Threads<\/a>.<\/p>\n<p> <script async src=\"https:\/\/platform.twitter.com\/widgets.js\" charset=\"utf-8\"><\/script><script async src=\"\/\/www.instagram.com\/embed.js\"><\/script><script async src=\"\/\/www.tiktok.com\/embed.js\"><\/script><\/p>\n","protected":false},"excerpt":{"rendered":"O Deep Purple n\u00e3o mostra muitos sinais de que v\u00e1 parar as atividades. Todavia, segundo duas declara\u00e7\u00f5es de&hellip;\n","protected":false},"author":2,"featured_media":166092,"comment_status":"","ping_status":"","sticky":false,"template":"","format":"standard","meta":{"footnotes":""},"categories":[141],"tags":[4725,114,115,33261,149,150,32,33],"class_list":{"0":"post-166091","1":"post","2":"type-post","3":"status-publish","4":"format-standard","5":"has-post-thumbnail","7":"category-musica","8":"tag-deep-purple","9":"tag-entertainment","10":"tag-entretenimento","11":"tag-ian-gillan","12":"tag-music","13":"tag-musica","14":"tag-portugal","15":"tag-pt"},"share_on_mastodon":{"url":"https:\/\/pubeurope.com\/@pt\/115617202560688149","error":""},"_links":{"self":[{"href":"https:\/\/www.europesays.com\/pt\/wp-json\/wp\/v2\/posts\/166091","targetHints":{"allow":["GET"]}}],"collection":[{"href":"https:\/\/www.europesays.com\/pt\/wp-json\/wp\/v2\/posts"}],"about":[{"href":"https:\/\/www.europesays.com\/pt\/wp-json\/wp\/v2\/types\/post"}],"author":[{"embeddable":true,"href":"https:\/\/www.europesays.com\/pt\/wp-json\/wp\/v2\/users\/2"}],"replies":[{"embeddable":true,"href":"https:\/\/www.europesays.com\/pt\/wp-json\/wp\/v2\/comments?post=166091"}],"version-history":[{"count":0,"href":"https:\/\/www.europesays.com\/pt\/wp-json\/wp\/v2\/posts\/166091\/revisions"}],"wp:featuredmedia":[{"embeddable":true,"href":"https:\/\/www.europesays.com\/pt\/wp-json\/wp\/v2\/media\/166092"}],"wp:attachment":[{"href":"https:\/\/www.europesays.com\/pt\/wp-json\/wp\/v2\/media?parent=166091"}],"wp:term":[{"taxonomy":"category","embeddable":true,"href":"https:\/\/www.europesays.com\/pt\/wp-json\/wp\/v2\/categories?post=166091"},{"taxonomy":"post_tag","embeddable":true,"href":"https:\/\/www.europesays.com\/pt\/wp-json\/wp\/v2\/tags?post=166091"}],"curies":[{"name":"wp","href":"https:\/\/api.w.org\/{rel}","templated":true}]}}