{"id":166093,"date":"2025-11-26T17:34:36","date_gmt":"2025-11-26T17:34:36","guid":{"rendered":"https:\/\/www.europesays.com\/pt\/166093\/"},"modified":"2025-11-26T17:34:36","modified_gmt":"2025-11-26T17:34:36","slug":"ana-lucia-torre-roda-continuacao-de-filme-de-comedia-com-marcus-majella-veja-foto-exclusiva","status":"publish","type":"post","link":"https:\/\/www.europesays.com\/pt\/166093\/","title":{"rendered":"Ana L\u00facia Torre roda continua\u00e7\u00e3o de filme de com\u00e9dia com Marcus Majella. Veja foto exclusiva"},"content":{"rendered":"\n<p class=\" content-text__container \" data-track-category=\"Link no Texto\" data-track-links=\"\"> Na terceira parte do filme, o protagonista vai ressurgir se sentindo abandonado, j\u00e1 que os sobrinhos cresceram e se tornaram independentes. Sua vida mudar\u00e1 quando ele se deparar com um beb\u00ea deixado em sua porta. <\/p>\n<p class=\" content-text__container \" data-track-category=\"Link no Texto\" data-track-links=\"\"> Al\u00e9m de Ana L\u00facia, est\u00e3o no elenco <a class=\"\" href=\"https:\/\/oglobo.globo.com\/tudo-sobre\/personalidade\/leticia-isnard\" rel=\"nofollow noopener\" target=\"_blank\">Let\u00edcia Isnard<\/a> e <a class=\"\" href=\"https:\/\/oglobo.globo.com\/tudo-sobre\/personalidade\/danton-mello\" rel=\"nofollow noopener\" target=\"_blank\">Danton Mello<\/a>, entre outros. Pedro Antonio assina a dire\u00e7\u00e3o. A produ\u00e7\u00e3o \u00e9 da Arpoador Audiovisual em coprodu\u00e7\u00e3o com a H2O Produ\u00e7\u00f5es e a Sony Pictures. <\/p>\n","protected":false},"excerpt":{"rendered":"Na terceira parte do filme, o protagonista vai ressurgir se sentindo abandonado, j\u00e1 que os sobrinhos cresceram e&hellip;\n","protected":false},"author":2,"featured_media":166094,"comment_status":"","ping_status":"","sticky":false,"template":"","format":"standard","meta":{"footnotes":""},"categories":[140],"tags":[35069,114,115,147,148,35068,25936,146,32,33,679],"class_list":{"0":"post-166093","1":"post","2":"type-post","3":"status-publish","4":"format-standard","5":"has-post-thumbnail","7":"category-filmes","8":"tag-danton-mello","9":"tag-entertainment","10":"tag-entretenimento","11":"tag-film","12":"tag-filmes","13":"tag-leticia-isnard","14":"tag-marcus-majella","15":"tag-movies","16":"tag-portugal","17":"tag-pt","18":"tag-reportagem"},"share_on_mastodon":{"url":"https:\/\/pubeurope.com\/@pt\/115617206322698233","error":""},"_links":{"self":[{"href":"https:\/\/www.europesays.com\/pt\/wp-json\/wp\/v2\/posts\/166093","targetHints":{"allow":["GET"]}}],"collection":[{"href":"https:\/\/www.europesays.com\/pt\/wp-json\/wp\/v2\/posts"}],"about":[{"href":"https:\/\/www.europesays.com\/pt\/wp-json\/wp\/v2\/types\/post"}],"author":[{"embeddable":true,"href":"https:\/\/www.europesays.com\/pt\/wp-json\/wp\/v2\/users\/2"}],"replies":[{"embeddable":true,"href":"https:\/\/www.europesays.com\/pt\/wp-json\/wp\/v2\/comments?post=166093"}],"version-history":[{"count":0,"href":"https:\/\/www.europesays.com\/pt\/wp-json\/wp\/v2\/posts\/166093\/revisions"}],"wp:featuredmedia":[{"embeddable":true,"href":"https:\/\/www.europesays.com\/pt\/wp-json\/wp\/v2\/media\/166094"}],"wp:attachment":[{"href":"https:\/\/www.europesays.com\/pt\/wp-json\/wp\/v2\/media?parent=166093"}],"wp:term":[{"taxonomy":"category","embeddable":true,"href":"https:\/\/www.europesays.com\/pt\/wp-json\/wp\/v2\/categories?post=166093"},{"taxonomy":"post_tag","embeddable":true,"href":"https:\/\/www.europesays.com\/pt\/wp-json\/wp\/v2\/tags?post=166093"}],"curies":[{"name":"wp","href":"https:\/\/api.w.org\/{rel}","templated":true}]}}