{"id":166101,"date":"2025-11-26T17:41:18","date_gmt":"2025-11-26T17:41:18","guid":{"rendered":"https:\/\/www.europesays.com\/pt\/166101\/"},"modified":"2025-11-26T17:41:18","modified_gmt":"2025-11-26T17:41:18","slug":"juiz-carlos-alexandre-vai-liderar-comissao-de-combate-a-fraude-no-sns-2","status":"publish","type":"post","link":"https:\/\/www.europesays.com\/pt\/166101\/","title":{"rendered":"Juiz Carlos Alexandre vai liderar Comiss\u00e3o de Combate \u00e0 Fraude no SNS"},"content":{"rendered":"<p class=\"category\"><a href=\"https:\/\/sicnoticias.pt\/pais\" rel=\"nofollow noopener\" target=\"_blank\">Pa\u00eds<\/a><\/p>\n<p>Magistrado vai receber um sal\u00e1rio de 6.100 euros por m\u00eas, mais um abono, para detetar desperd\u00edcios e il\u00edcitos financeiros e criminais no SNS.<\/p>\n<p><img decoding=\"async\" src=\"https:\/\/www.europesays.com\/pt\/wp-content\/uploads\/2025\/11\/1764178878_316_original.webp\" alt=\"Juiz Carlos Alexandre passa para os Tribunais da Rela\u00e7\u00e3o\"\/><\/p>\n<p>Juiz Carlos Alexandre passa para os Tribunais da Rela\u00e7\u00e3o<\/p>\n<p><strong>O Governo convidou o juiz Carlos Alexandre a liderar a Comiss\u00e3o de Combate \u00e0 Fraude no Servi\u00e7o Nacional de Sa\u00fade, convite que o magistrado j\u00e1 ter\u00e1 aceite, diz esta quarta-feira o <\/strong><a href=\"https:\/\/www.jn.pt\/nacional\/artigo\/juiz-carlos-alexandre-vai-liderar-combate-a-fraude-no-sns\/18023863\" target=\"_blank\" rel=\"noopener noreferrer nofollow\"><strong>Jornal de Not\u00edcias<\/strong><\/a><strong>.<\/strong><\/p>\n<p>Com um mandato de tr\u00eas anos, vai auferir <strong>6.100 euros por m\u00eas<\/strong> &#8211; o mesmo sal\u00e1rio do presidente do Mecanismo Nacional Anticorrup\u00e7\u00e3o &#8211; para detetar desperd\u00edcios e il\u00edcitos financeiros e criminais no SNS.<\/p>\n<p>Carlos Alexandre receber\u00e1 ainda um <strong>abono mensal correspondente a 40% do sal\u00e1rio<\/strong>, ou seja, cerca de 2.440 euros por m\u00eas.<\/p>\n<p>A nova unidade de combate \u00e0 fraude no SNS foi aprovada no final de outubro em Conselho de Ministros e, segundo a ministra da Sa\u00fade, tem como objetivo uma <strong>\u2018poupan\u00e7a\u2019 de cerca de 800 milh\u00f5es de euros<\/strong>. <\/p>\n<p>Recorde-se que o juiz desembargador Carlos Alexandre deixou, em setembro de 2023, o Tribunal de Instru\u00e7\u00e3o Criminal de Lisboa, onde esteve cerca de 20 anos. Foi l\u00e1 que assumiu, entre outros, <strong>casos complexos como a Opera\u00e7\u00e3o Marqu\u00eas<\/strong>.<\/p>\n","protected":false},"excerpt":{"rendered":"Pa\u00eds Magistrado vai receber um sal\u00e1rio de 6.100 euros por m\u00eas, mais um abono, para detetar desperd\u00edcios e&hellip;\n","protected":false},"author":2,"featured_media":166102,"comment_status":"","ping_status":"","sticky":false,"template":"","format":"standard","meta":{"footnotes":""},"categories":[10],"tags":[27,28,15,16,14,25,26,21,22,12,13,19,20,32,23,24,33,17,18,29,30,31],"class_list":{"0":"post-166101","1":"post","2":"type-post","3":"status-publish","4":"format-standard","5":"has-post-thumbnail","7":"category-portugal","8":"tag-breaking-news","9":"tag-breakingnews","10":"tag-featured-news","11":"tag-featurednews","12":"tag-headlines","13":"tag-latest-news","14":"tag-latestnews","15":"tag-main-news","16":"tag-mainnews","17":"tag-news","18":"tag-noticias","19":"tag-noticias-principais","20":"tag-noticiasprincipais","21":"tag-portugal","22":"tag-principais-noticias","23":"tag-principaisnoticias","24":"tag-pt","25":"tag-top-stories","26":"tag-topstories","27":"tag-ultimas","28":"tag-ultimas-noticias","29":"tag-ultimasnoticias"},"share_on_mastodon":{"url":"https:\/\/pubeurope.com\/@pt\/115617234062295967","error":""},"_links":{"self":[{"href":"https:\/\/www.europesays.com\/pt\/wp-json\/wp\/v2\/posts\/166101","targetHints":{"allow":["GET"]}}],"collection":[{"href":"https:\/\/www.europesays.com\/pt\/wp-json\/wp\/v2\/posts"}],"about":[{"href":"https:\/\/www.europesays.com\/pt\/wp-json\/wp\/v2\/types\/post"}],"author":[{"embeddable":true,"href":"https:\/\/www.europesays.com\/pt\/wp-json\/wp\/v2\/users\/2"}],"replies":[{"embeddable":true,"href":"https:\/\/www.europesays.com\/pt\/wp-json\/wp\/v2\/comments?post=166101"}],"version-history":[{"count":0,"href":"https:\/\/www.europesays.com\/pt\/wp-json\/wp\/v2\/posts\/166101\/revisions"}],"wp:featuredmedia":[{"embeddable":true,"href":"https:\/\/www.europesays.com\/pt\/wp-json\/wp\/v2\/media\/166102"}],"wp:attachment":[{"href":"https:\/\/www.europesays.com\/pt\/wp-json\/wp\/v2\/media?parent=166101"}],"wp:term":[{"taxonomy":"category","embeddable":true,"href":"https:\/\/www.europesays.com\/pt\/wp-json\/wp\/v2\/categories?post=166101"},{"taxonomy":"post_tag","embeddable":true,"href":"https:\/\/www.europesays.com\/pt\/wp-json\/wp\/v2\/tags?post=166101"}],"curies":[{"name":"wp","href":"https:\/\/api.w.org\/{rel}","templated":true}]}}