{"id":166119,"date":"2025-11-26T17:56:31","date_gmt":"2025-11-26T17:56:31","guid":{"rendered":"https:\/\/www.europesays.com\/pt\/166119\/"},"modified":"2025-11-26T17:56:31","modified_gmt":"2025-11-26T17:56:31","slug":"supremo-do-brasil-ordena-inicio-da-pena-de-27-anos-de-prisao-de-bolsonaro","status":"publish","type":"post","link":"https:\/\/www.europesays.com\/pt\/166119\/","title":{"rendered":"Supremo do Brasil ordena in\u00edcio da pena de 27 anos de pris\u00e3o de Bolsonaro"},"content":{"rendered":"<p>O juiz do Supremo Tribunal Federal (STF) brasileiro Alexandre de Moraes determinou hoje o in\u00edcio da pena de pris\u00e3o do ex-Presidente Jair Bolsonaro.<\/p>\n<p class=\"p1\">\u201cDetermino o in\u00edcio do cumprimento da pena de Jair Messias Bolsonaro, em regime inicial fechado, da pena privativa de liberdade de 27 anos e 3 meses\u201d, l\u00ea-se na decis\u00e3o divulgada pelo STF.<\/p>\n<p class=\"p1\">\u201cExpe\u00e7a-se o mandado de pris\u00e3o, que dever\u00e1 ser cumprido na Superintend\u00eancia Regional da Pol\u00edcia Federal no Distrito Federal, onde se encontra custodiado em virtude de pris\u00e3o preventiva\u201d, acrescenta-se.<\/p>\n<p>Deu-se assim in\u00edcio ao cumprimento da pena de pris\u00e3o na sequ\u00eancia da condena\u00e7\u00e3o, a 11 de setembro, a 27 anos e 3 meses de pris\u00e3o por organiza\u00e7\u00e3o criminosa armada, tentativa de aboli\u00e7\u00e3o violenta do Estado Democr\u00e1tico de Direito, golpe de Estado, dano qualificado pela viol\u00eancia e amea\u00e7a grave e deteriora\u00e7\u00e3o de patrim\u00f3nio tombado.<\/p>\n<p>Bolsonaro nunca reconheceu a derrota, lan\u00e7ou cr\u00edticas infundadas \u00e0s urnas eletr\u00f3nicas, incentivou manifesta\u00e7\u00f5es de car\u00e1ter antidemocr\u00e1tico em frente a bases militares e, segundo a justi\u00e7a, projetou planos para permanecer no poder e at\u00e9 matar advers\u00e1rios pol\u00edticos e judici\u00e1rios, entre os quais Lula da Silva e Alexandre de Moares.<\/p>\n<p>Tudo isto culminou nos ataques em Bras\u00edlia, a 8 de janeiro de 2023, quando milhares de apoiantes do ex-Presidente invadiram e vandalizaram as sedes do STF, do Congresso e do Pal\u00e1cio do Planalto, numa tentativa de golpe de Estado para depor Lula da Silva da Presid\u00eancia.<\/p>\n<p>Jair Bolsonaro j\u00e1 se encontrava desde s\u00e1bado em pris\u00e3o preventiva no mesmo local onde agora vai cumprir a pena de pris\u00e3o.<\/p>\n<p>Al\u00e9m de Bolsonaro, o STF determinou tamb\u00e9m o fim do processo do ex-ministro da Justi\u00e7a Anderson Torres e do ex-diretor da Ag\u00eancia Brasileira de Intelig\u00eancia (Abin) Alexandre Ramagem (foragido nos Estados Unidos), visto que nenhum dos tr\u00eas apresentou os recursos chamados de embargos de declara\u00e7\u00e3o, cujo prazo terminava na segunda-feira.<\/p>\n<p>A defesa de Jair Bolsonaro tem apelado para que o ex-Presidente pudesse cumprir a pena em pris\u00e3o domicili\u00e1ria, ou mesmo na superintend\u00eancia da Pol\u00edcia Federal, devido ao seu estado de sa\u00fade.<\/p>\n<p>Desde 4 de agosto e at\u00e9 sexta-feira, Bolsonaro esteve em pris\u00e3o domicili\u00e1ria, uma decis\u00e3o imposta ainda antes da condena\u00e7\u00e3o (a 11 de setembro) por ter incumprido com diversas medidas cautelares impostas pelo juiz Alexandre de Moraes, relator do caso.<\/p>\n<p>Contudo, a tentativa de Bolsonaro de romper a pulseira eletr\u00f3nica, na sexta-feira \u00e0 noite, precipitou a sua pris\u00e3o no s\u00e1bado, j\u00e1 que o juiz considerou esta a\u00e7\u00e3o como uma possibilidade de perigo de fuga.<\/p>\n<p>Bolsonaro disse num v\u00eddeo que o fez por \u201ccuriosidade\u201d e, no dia seguinte, na audi\u00eancia de cust\u00f3dia, afirmou que o epis\u00f3dio ocorreu por um momento de \u201cparanoia\u201d e \u201calucina\u00e7\u00f5es\u201d provocadas pela mistura de medicamentos, garantindo que, em momento algum, teve inten\u00e7\u00e3o de fugir.<\/p>\n","protected":false},"excerpt":{"rendered":"O juiz do Supremo Tribunal Federal (STF) brasileiro Alexandre de Moraes determinou hoje o in\u00edcio da pena de&hellip;\n","protected":false},"author":2,"featured_media":166120,"comment_status":"","ping_status":"","sticky":false,"template":"","format":"standard","meta":{"footnotes":""},"categories":[8],"tags":[27,28,15,16,14,25,26,21,22,12,13,19,20,32,23,24,33,17,18,29,30,31],"class_list":{"0":"post-166119","1":"post","2":"type-post","3":"status-publish","4":"format-standard","5":"has-post-thumbnail","7":"category-principais-noticias","8":"tag-breaking-news","9":"tag-breakingnews","10":"tag-featured-news","11":"tag-featurednews","12":"tag-headlines","13":"tag-latest-news","14":"tag-latestnews","15":"tag-main-news","16":"tag-mainnews","17":"tag-news","18":"tag-noticias","19":"tag-noticias-principais","20":"tag-noticiasprincipais","21":"tag-portugal","22":"tag-principais-noticias","23":"tag-principaisnoticias","24":"tag-pt","25":"tag-top-stories","26":"tag-topstories","27":"tag-ultimas","28":"tag-ultimas-noticias","29":"tag-ultimasnoticias"},"share_on_mastodon":{"url":"https:\/\/pubeurope.com\/@pt\/115617293087280017","error":""},"_links":{"self":[{"href":"https:\/\/www.europesays.com\/pt\/wp-json\/wp\/v2\/posts\/166119","targetHints":{"allow":["GET"]}}],"collection":[{"href":"https:\/\/www.europesays.com\/pt\/wp-json\/wp\/v2\/posts"}],"about":[{"href":"https:\/\/www.europesays.com\/pt\/wp-json\/wp\/v2\/types\/post"}],"author":[{"embeddable":true,"href":"https:\/\/www.europesays.com\/pt\/wp-json\/wp\/v2\/users\/2"}],"replies":[{"embeddable":true,"href":"https:\/\/www.europesays.com\/pt\/wp-json\/wp\/v2\/comments?post=166119"}],"version-history":[{"count":0,"href":"https:\/\/www.europesays.com\/pt\/wp-json\/wp\/v2\/posts\/166119\/revisions"}],"wp:featuredmedia":[{"embeddable":true,"href":"https:\/\/www.europesays.com\/pt\/wp-json\/wp\/v2\/media\/166120"}],"wp:attachment":[{"href":"https:\/\/www.europesays.com\/pt\/wp-json\/wp\/v2\/media?parent=166119"}],"wp:term":[{"taxonomy":"category","embeddable":true,"href":"https:\/\/www.europesays.com\/pt\/wp-json\/wp\/v2\/categories?post=166119"},{"taxonomy":"post_tag","embeddable":true,"href":"https:\/\/www.europesays.com\/pt\/wp-json\/wp\/v2\/tags?post=166119"}],"curies":[{"name":"wp","href":"https:\/\/api.w.org\/{rel}","templated":true}]}}