{"id":166213,"date":"2025-11-26T19:38:24","date_gmt":"2025-11-26T19:38:24","guid":{"rendered":"https:\/\/www.europesays.com\/pt\/166213\/"},"modified":"2025-11-26T19:38:24","modified_gmt":"2025-11-26T19:38:24","slug":"xuxa-relembra-motivo-que-levou-roberto-carlos-a-tomar-banho-de-quase-2-horas-apos-abraca-la","status":"publish","type":"post","link":"https:\/\/www.europesays.com\/pt\/166213\/","title":{"rendered":"Xuxa relembra motivo que levou Roberto Carlos a tomar banho de quase 2 horas ap\u00f3s abra\u00e7\u00e1-la"},"content":{"rendered":"\n<p>Xuxa, 62 anos, relembrou um epis\u00f3dio inusitado com Roberto Carlos durante a grava\u00e7\u00e3o do cl\u00e1ssico especial de fim de ano do cantor, em 1992. Em entrevista ao Ambulat\u00f3rio da M.O.D.A, a apresentadora contou que o artista tomou um banho de quase duas horas ap\u00f3s ser abra\u00e7ado por ela, que vestia um traje em tons escuros.<\/p>\n<p>A apresentadora recordou detalhes do momento: \u201cA Globo inteira estava avisando que eu ia participar do especial dele, e a\u00ed eu ensaiei. No dia, na hora, ele desceu uma escadinha e eu estava esperando. Eu estava de preto, com uma estampa de pav\u00e3o, e a\u00ed eu abracei ele e ele fez assim [se afastou]. Depois saiu, entrou no camarim e foi tomar banho.\u201d<\/p>\n<p>Xuxa contou que ficou aguardando, sem entender o que havia acontecido, at\u00e9 que pediram para que ela mudasse o figurino. \u201cDeu meia hora, uma hora\u2026 eu estava esperando. Perguntei para todo mundo o que estava acontecendo e falaram: \u2018Ah, ele foi tomar banho. Existe a possibilidade de voc\u00ea trocar de roupa? \u00c9 porque ele n\u00e3o vai entrar com voc\u00ea se voc\u00ea estiver usando preto e roxo. Voc\u00ea poderia trocar?\u2019\u201d<\/p>\n<p>A Rainha dos Baixinhos afirmou que se recusou a trocar de roupa, e, por isso, Roberto teria se negado a cantar ao lado dela. \u201cEu falei: \u2018N\u00e3o\u2019. Virei e fui embora. Ele teve que entrar e fazer outras coisas. Estavam anunciando o tempo todo que eu ia cantar com ele, mas eu n\u00e3o fui.\u201d<\/p>\n<p>Xuxa finalizou comentando sobre o comportamento do cantor: \u201cEsse TOC, essa coisa que ele tem, ele est\u00e1 trabalhando para mudar. Pelo que parece, ele sabe que isso prejudica muito ele. Imagina voc\u00ea entrar em um lugar e n\u00e3o chegar perto de algu\u00e9m que est\u00e1 com a cor de que voc\u00ea n\u00e3o gosta.\u201d<\/p>\n","protected":false},"excerpt":{"rendered":"Xuxa, 62 anos, relembrou um epis\u00f3dio inusitado com Roberto Carlos durante a grava\u00e7\u00e3o do cl\u00e1ssico especial de fim&hellip;\n","protected":false},"author":2,"featured_media":166214,"comment_status":"","ping_status":"","sticky":false,"template":"","format":"standard","meta":{"footnotes":""},"categories":[145],"tags":[35092,8512,211,210,114,115,32,33,3976,2750],"class_list":{"0":"post-166213","1":"post","2":"type-post","3":"status-publish","4":"format-standard","5":"has-post-thumbnail","7":"category-celebridades","8":"tag-abraco","9":"tag-banho","10":"tag-celebridades","11":"tag-celebrities","12":"tag-entertainment","13":"tag-entretenimento","14":"tag-portugal","15":"tag-pt","16":"tag-roberto-carlos","17":"tag-xuxa"},"share_on_mastodon":{"url":"https:\/\/pubeurope.com\/@pt\/115617693872078367","error":""},"_links":{"self":[{"href":"https:\/\/www.europesays.com\/pt\/wp-json\/wp\/v2\/posts\/166213","targetHints":{"allow":["GET"]}}],"collection":[{"href":"https:\/\/www.europesays.com\/pt\/wp-json\/wp\/v2\/posts"}],"about":[{"href":"https:\/\/www.europesays.com\/pt\/wp-json\/wp\/v2\/types\/post"}],"author":[{"embeddable":true,"href":"https:\/\/www.europesays.com\/pt\/wp-json\/wp\/v2\/users\/2"}],"replies":[{"embeddable":true,"href":"https:\/\/www.europesays.com\/pt\/wp-json\/wp\/v2\/comments?post=166213"}],"version-history":[{"count":0,"href":"https:\/\/www.europesays.com\/pt\/wp-json\/wp\/v2\/posts\/166213\/revisions"}],"wp:featuredmedia":[{"embeddable":true,"href":"https:\/\/www.europesays.com\/pt\/wp-json\/wp\/v2\/media\/166214"}],"wp:attachment":[{"href":"https:\/\/www.europesays.com\/pt\/wp-json\/wp\/v2\/media?parent=166213"}],"wp:term":[{"taxonomy":"category","embeddable":true,"href":"https:\/\/www.europesays.com\/pt\/wp-json\/wp\/v2\/categories?post=166213"},{"taxonomy":"post_tag","embeddable":true,"href":"https:\/\/www.europesays.com\/pt\/wp-json\/wp\/v2\/tags?post=166213"}],"curies":[{"name":"wp","href":"https:\/\/api.w.org\/{rel}","templated":true}]}}