{"id":166215,"date":"2025-11-26T19:41:10","date_gmt":"2025-11-26T19:41:10","guid":{"rendered":"https:\/\/www.europesays.com\/pt\/166215\/"},"modified":"2025-11-26T19:41:10","modified_gmt":"2025-11-26T19:41:10","slug":"vania-sa-indignada-devia-ser-proibido-noticias-de-hoje-iol","status":"publish","type":"post","link":"https:\/\/www.europesays.com\/pt\/166215\/","title":{"rendered":"V\u00e2nia S\u00e1 indignada: \u00abDevia ser proibido\u00bb &#8211; Not\u00edcias de hoje &#8211; IOL"},"content":{"rendered":"<ol>\n<li><a href=\"https:\/\/news.google.com\/rss\/articles\/CBMilwFBVV95cUxOU3hXMDEyMExlemFCTWNTT3A0Mll6R3lrZklVc1JySXdsV3ZGZDRKQUI3d2NmUmpsUjRGWXZyc1BPVG9kRkZZV3hueU43ampsektQT1lESEhYUm9neWVFQVVvcFkwVU55cmNuMEd2T2MtQ3BSdjlndElLNGZqTjlSWG5Rai1EaThGN1l2cW1HOU45U2dFdFQw?oc=5\" target=\"_blank\" rel=\"nofollow noopener\">V\u00e2nia S\u00e1 indignada: \u00abDevia ser proibido\u00bb<\/a>&nbsp;&nbsp;Not\u00edcias de hoje &#8211; IOL<\/li>\n<li><a href=\"https:\/\/news.google.com\/rss\/articles\/CBMi7wFBVV95cUxNQjFLWGJNS3pSRmtNMWhtQUlaUWtGMzJ3LU90YXgxQldGVHVsMFJXTEF4bFEzbVI5d3lldFdfOTFOYkxCT1NTTjIwQ3RCME5UelVneTVLZDJWYXRlcHo2MXk5RVJTMmJ0UXBKWG5sc2ViejFuVHJtU3RGbEZLWkdpYkJ3azBiT01YbUlLbm90dWZSQTVqemJMQS1wMlV5aGhZdUwwUHZRdE41OEFOd3pPeUpTMHdoWmRSd3d6VkxwM0FsU2dOaHFjSTNjR29EMzRFeUF3LTdBaldFX05tTkVUOWFIVkVrUGhkSWVWdndYaw?oc=5\" target=\"_blank\" rel=\"nofollow noopener\">\u00abTu \u00e9 que te tornas insuport\u00e1vel!\u00bb: Pedro passa-se com Marisa, sai disparado, volta e a tens\u00e3o escala<\/a>&nbsp;&nbsp;TVI<\/li>\n<li><a href=\"https:\/\/news.google.com\/rss\/articles\/CBMiswFBVV95cUxPQ1Bxa1N0RmR6MG9XM0xYUXVLVDNEMFdneGpRc1dNWTF2bm1pVE5iQTdNa0VYT2hoanIzUXRpNjdCeF9LSnZ0R21aZkM4NzFIYXhnbHRvajVEWEI3Y3dLVDl4cldRV1duVjBDc3E4WTRoUGc5T3NWXzluS0EwazhtU1NWX1k3Y3RaeHZweUVYbWc1UXlmQWFnUm9EMzIyczZwdTZpMW5kMWFOLVgteEtneGVYSQ?oc=5\" target=\"_blank\" rel=\"nofollow noopener\">\u00abPerdido\u00bb e \u00abDesesperado\u00bb: Liliana e Leandro discutem ao almo\u00e7o<\/a>&nbsp;&nbsp;Not\u00edcias de hoje &#8211; IOL<\/li>\n<li><a href=\"https:\/\/news.google.com\/rss\/articles\/CBMivgFBVV95cUxQc2tzRzdiSmtRVy1DWDlSMmh0Y290cGFudlNVcWh0Ym5QZEtFNUZ6TXd5QVNURTdFdDRrXzEyVThHc05nbEEtZHlVa3BSV1p2UGU0ZlZ3ZVhwUkNHbEJGd1E4TjR0al9NRkF2UURaVVNqLXFkVm1DWXlpaWE4NjBOX0VKRy1qMFhiS3owVHRJOERGVHQ5MFVSai1NenNtM1BPMmR1aDZra2lDYzVibDA1VVBoRmpUeEFTM2xQcWhR?oc=5\" target=\"_blank\" rel=\"nofollow noopener\">&#8216;Grupo da treta&#8217; entre risos ap\u00f3s desist\u00eancia do amigo Bruno<\/a>&nbsp;&nbsp;TVI<\/li>\n<li><a href=\"https:\/\/news.google.com\/rss\/articles\/CBMi0gFBVV95cUxQdW0tU25oT2xzRFUyVVlaZGxvS193d1dCcUZoWUhJaW5Mc1hwQ3JZZVZJQzNmM2pwVFN6a2QzaHdkVEFWQ1BwQ295TnRDOTNpTFJjWHJRelVRalR5MUwzVE4xTWNpdUJoRVdvMTdXYk4ycFZNVlNnc0hpZkRwdzhReWhCM19EWGZ5dmRPeUxDeld3dFFnY0Jyck9OcFdoOWs2a0x2bnBTV1g5amZFNVVsaHVFSkxkWDlwbFlMTV9PN3N5Qno4TFBYbzBWOGdwT1NEVkE?oc=5\" target=\"_blank\" rel=\"nofollow noopener\">In\u00e9dito! Pedro em l\u00e1grimas com a desist\u00eancia de Bruno: \u00abL\u00e1 fora vai perceber&#8230;\u00bb<\/a>&nbsp;&nbsp;TVI<\/li>\n<\/ol>\n","protected":false},"excerpt":{"rendered":"V\u00e2nia S\u00e1 indignada: \u00abDevia ser proibido\u00bb&nbsp;&nbsp;Not\u00edcias de hoje &#8211; IOL \u00abTu \u00e9 que te tornas insuport\u00e1vel!\u00bb: Pedro passa-se&hellip;\n","protected":false},"author":2,"featured_media":166216,"comment_status":"","ping_status":"","sticky":false,"template":"","format":"standard","meta":{"footnotes":""},"categories":[142],"tags":[114,115,488,13,32,33,151,13319],"class_list":{"0":"post-166215","1":"post","2":"type-post","3":"status-publish","4":"format-standard","5":"has-post-thumbnail","7":"category-tv","8":"tag-entertainment","9":"tag-entretenimento","10":"tag-iol","11":"tag-noticias","12":"tag-portugal","13":"tag-pt","14":"tag-tv","15":"tag-vania-sa"},"share_on_mastodon":{"url":"https:\/\/pubeurope.com\/@pt\/115617705737657186","error":""},"_links":{"self":[{"href":"https:\/\/www.europesays.com\/pt\/wp-json\/wp\/v2\/posts\/166215","targetHints":{"allow":["GET"]}}],"collection":[{"href":"https:\/\/www.europesays.com\/pt\/wp-json\/wp\/v2\/posts"}],"about":[{"href":"https:\/\/www.europesays.com\/pt\/wp-json\/wp\/v2\/types\/post"}],"author":[{"embeddable":true,"href":"https:\/\/www.europesays.com\/pt\/wp-json\/wp\/v2\/users\/2"}],"replies":[{"embeddable":true,"href":"https:\/\/www.europesays.com\/pt\/wp-json\/wp\/v2\/comments?post=166215"}],"version-history":[{"count":0,"href":"https:\/\/www.europesays.com\/pt\/wp-json\/wp\/v2\/posts\/166215\/revisions"}],"wp:featuredmedia":[{"embeddable":true,"href":"https:\/\/www.europesays.com\/pt\/wp-json\/wp\/v2\/media\/166216"}],"wp:attachment":[{"href":"https:\/\/www.europesays.com\/pt\/wp-json\/wp\/v2\/media?parent=166215"}],"wp:term":[{"taxonomy":"category","embeddable":true,"href":"https:\/\/www.europesays.com\/pt\/wp-json\/wp\/v2\/categories?post=166215"},{"taxonomy":"post_tag","embeddable":true,"href":"https:\/\/www.europesays.com\/pt\/wp-json\/wp\/v2\/tags?post=166215"}],"curies":[{"name":"wp","href":"https:\/\/api.w.org\/{rel}","templated":true}]}}