{"id":166217,"date":"2025-11-26T19:44:09","date_gmt":"2025-11-26T19:44:09","guid":{"rendered":"https:\/\/www.europesays.com\/pt\/166217\/"},"modified":"2025-11-26T19:44:09","modified_gmt":"2025-11-26T19:44:09","slug":"dois-agentes-feridos-durante-detencao-de-lutadora-de-mma-em-voo-da-ryanair","status":"publish","type":"post","link":"https:\/\/www.europesays.com\/pt\/166217\/","title":{"rendered":"Dois agentes feridos durante deten\u00e7\u00e3o de lutadora de MMA em voo da Ryanair"},"content":{"rendered":"<p>Quando os agentes entraram no avi\u00e3o, a praticante de boxe, jiu-jitsu, luta livre e muay thai resistiu e agrediu-os, deixando os dois pol\u00edcias de baixa m\u00e9dica, de acordo com o &#8220;El Pa\u00eds&#8221;. Apesar da resist\u00eancia, Sinead Kavanagh passou a noite numa sala de deten\u00e7\u00e3o no aeroporto da Gran Can\u00e1ria, mas j\u00e1 foi colocada em liberdade, enquanto decorre uma investiga\u00e7\u00e3o.<\/p>\n","protected":false},"excerpt":{"rendered":"Quando os agentes entraram no avi\u00e3o, a praticante de boxe, jiu-jitsu, luta livre e muay thai resistiu e&hellip;\n","protected":false},"author":2,"featured_media":166218,"comment_status":"","ping_status":"","sticky":false,"template":"","format":"standard","meta":{"footnotes":""},"categories":[87],"tags":[322,135,3853,640,29100,27579,32,33,134],"class_list":{"0":"post-166217","1":"post","2":"type-post","3":"status-publish","4":"format-standard","5":"has-post-thumbnail","7":"category-desporto","8":"tag-aeroporto","9":"tag-desporto","10":"tag-detencao","11":"tag-espanha","12":"tag-guardia-civil","13":"tag-mma","14":"tag-portugal","15":"tag-pt","16":"tag-sports"},"share_on_mastodon":{"url":"https:\/\/pubeurope.com\/@pt\/115617717769034673","error":""},"_links":{"self":[{"href":"https:\/\/www.europesays.com\/pt\/wp-json\/wp\/v2\/posts\/166217","targetHints":{"allow":["GET"]}}],"collection":[{"href":"https:\/\/www.europesays.com\/pt\/wp-json\/wp\/v2\/posts"}],"about":[{"href":"https:\/\/www.europesays.com\/pt\/wp-json\/wp\/v2\/types\/post"}],"author":[{"embeddable":true,"href":"https:\/\/www.europesays.com\/pt\/wp-json\/wp\/v2\/users\/2"}],"replies":[{"embeddable":true,"href":"https:\/\/www.europesays.com\/pt\/wp-json\/wp\/v2\/comments?post=166217"}],"version-history":[{"count":0,"href":"https:\/\/www.europesays.com\/pt\/wp-json\/wp\/v2\/posts\/166217\/revisions"}],"wp:featuredmedia":[{"embeddable":true,"href":"https:\/\/www.europesays.com\/pt\/wp-json\/wp\/v2\/media\/166218"}],"wp:attachment":[{"href":"https:\/\/www.europesays.com\/pt\/wp-json\/wp\/v2\/media?parent=166217"}],"wp:term":[{"taxonomy":"category","embeddable":true,"href":"https:\/\/www.europesays.com\/pt\/wp-json\/wp\/v2\/categories?post=166217"},{"taxonomy":"post_tag","embeddable":true,"href":"https:\/\/www.europesays.com\/pt\/wp-json\/wp\/v2\/tags?post=166217"}],"curies":[{"name":"wp","href":"https:\/\/api.w.org\/{rel}","templated":true}]}}