{"id":166225,"date":"2025-11-26T19:51:05","date_gmt":"2025-11-26T19:51:05","guid":{"rendered":"https:\/\/www.europesays.com\/pt\/166225\/"},"modified":"2025-11-26T19:51:05","modified_gmt":"2025-11-26T19:51:05","slug":"nao-ha-pote-joga-quenda-a-explicacao-de-rui-borges","status":"publish","type":"post","link":"https:\/\/www.europesays.com\/pt\/166225\/","title":{"rendered":"N\u00e3o h\u00e1 Pote, joga Quenda: a explica\u00e7\u00e3o de Rui Borges"},"content":{"rendered":"<p>Sem <a class=\"autolink-enabled\" data-resource-id=\"183976\" data-resource-type=\"player\" data-sport=\"football\" href=\"https:\/\/www.abola.pt\/futebol\/jogador\/pedro-goncalves-183976\" rel=\"nofollow noopener\" target=\"_blank\">Pedro Gon\u00e7alves<\/a>, a recuperar de les\u00e3o, Rui Borges apostou em Geovany <a target=\"_blank\" class=\"editor-link autolink-enabled\" href=\"https:\/\/www.abola.pt\/futebol\/jogador\/quenda-295516\" data-resource-id=\"295516\" data-resource-type=\"player\" data-sport=\"football\" rel=\"nofollow noopener\">Quenda<\/a> como titular no jogo frente ao <a target=\"_blank\" class=\"editor-link autolink-enabled\" href=\"https:\/\/www.abola.pt\/futebol\/club-brugge-417\" data-resource-id=\"417\" data-resource-type=\"team\" data-sport=\"football\" rel=\"nofollow noopener\">Club Brugge<\/a>, da 5.\u00aa jornada da <a target=\"_blank\" class=\"editor-link autolink-enabled\" href=\"https:\/\/www.abola.pt\/futebol\/competicao\/uefa-champions-league-27\" data-resource-id=\"27\" data-resource-type=\"competition\" data-sport=\"football\" rel=\"nofollow noopener\">Champions<\/a>.<\/p>\n<p>Em declara\u00e7\u00f5es \u00e0 Sport TV, o treinador do <a target=\"_blank\" class=\"editor-link autolink-enabled\" href=\"https:\/\/www.abola.pt\/futebol\/sporting-448\" data-resource-id=\"448\" data-resource-type=\"team\" data-sport=\"football\" rel=\"nofollow noopener\">Sporting<\/a> defendeu que a mudan\u00e7a n\u00e3o muda muito na forma de jogar da equipa.<\/p>\n<p>\u00abA estrat\u00e9gia \u00e9 a mesma. N\u00e3o fugimos \u00e0 nossa identidade. O Quenda vai dar coisas diferentes do Pote, mas coisas boas certamente, dentro das nossas ideias. Estamos super tranquilos com o que nos vai trazer o Quenda\u00bb, come\u00e7ou por dizer, antes de apontar aquilo que faz diferen\u00e7a entre jogar um ou o outro.<\/p>\n<p>\u00abO Pote d\u00e1-nos coisas de um m\u00e9dio puro, o Quenda d\u00e1 mais t\u00e9cnica repentina e acelera\u00e7\u00e3o, mas pisando as mesmas zonas interiores, ou por fora. Mesmo quando joga o Pote, ele anda muitas vezes fora e o <a target=\"_blank\" class=\"editor-link autolink-enabled\" href=\"https:\/\/www.abola.pt\/futebol\/jogador\/maxi-araujo-205748\" data-resource-id=\"205748\" data-resource-type=\"player\" data-sport=\"football\" rel=\"nofollow noopener\">Maxi [Ara\u00fajo]<\/a> dentro. As tomadas de decis\u00e3o deles \u00e9 que s\u00e3o muito diferentes, mas isso n\u00f3s n\u00e3o controlamos\u00bb, acrescentou.<\/p>\n<p>Rui Borges foi questionado sobre a aten\u00e7\u00e3o que dar\u00e1 ao ataque \u00e0 profundidade da equipa belga, que fez estragos recorrendo a essa arma no empate contra o <a class=\"autolink-enabled\" data-resource-id=\"205\" data-resource-type=\"team\" data-sport=\"football\" href=\"https:\/\/www.abola.pt\/futebol\/barcelona-205\" rel=\"nofollow noopener\" target=\"_blank\">Barcelona<\/a> (3-3), na \u00faltima jornada.<\/p>\n<p>\u00abMais do que preocupar-nos com isso, temos de lembrar que os golos que sofremos na Champions aconteceram em situa\u00e7\u00f5es em que est\u00e1vamos a controlar e permitimos depois um contra-ataque. O Brugge teve esse momento contra o Barcelona, com quem fez um grande jogo. Mas eu estou preocupado tamb\u00e9m com os nossos momentos de press\u00e3o na variabilidade ofensiva, porque eles t\u00eam jogadores com essa capacidade\u00bb, analisou.<\/p>\n<p>\u00ab\u00c9 importante termos um bloco m\u00e9dio para estarmos mais preparados para esse momento do jogo e condicionar uma equipa que gosta de jogar em ataque continuado. T\u00eam jogadores capazes de resolver o jogo em qualquer momento\u00bb, finalizou.<\/p>\n<p><a target=\"_self\" class=\"editor-link\" href=\"https:\/\/profile.google.com\/cp\/CgkvbS8wNWNjOHQ?pf=0\" rel=\"nofollow noopener\">Siga o perfil de A BOLA no Google<\/a><\/p>\n","protected":false},"excerpt":{"rendered":"Sem Pedro Gon\u00e7alves, a recuperar de les\u00e3o, Rui Borges apostou em Geovany Quenda como titular no jogo frente&hellip;\n","protected":false},"author":2,"featured_media":166226,"comment_status":"","ping_status":"","sticky":false,"template":"","format":"standard","meta":{"footnotes":""},"categories":[8],"tags":[27,28,15,16,14,25,26,21,22,12,13,19,20,32,23,24,33,17,18,29,30,31],"class_list":{"0":"post-166225","1":"post","2":"type-post","3":"status-publish","4":"format-standard","5":"has-post-thumbnail","7":"category-principais-noticias","8":"tag-breaking-news","9":"tag-breakingnews","10":"tag-featured-news","11":"tag-featurednews","12":"tag-headlines","13":"tag-latest-news","14":"tag-latestnews","15":"tag-main-news","16":"tag-mainnews","17":"tag-news","18":"tag-noticias","19":"tag-noticias-principais","20":"tag-noticiasprincipais","21":"tag-portugal","22":"tag-principais-noticias","23":"tag-principaisnoticias","24":"tag-pt","25":"tag-top-stories","26":"tag-topstories","27":"tag-ultimas","28":"tag-ultimas-noticias","29":"tag-ultimasnoticias"},"share_on_mastodon":{"url":"https:\/\/pubeurope.com\/@pt\/115617745206485957","error":""},"_links":{"self":[{"href":"https:\/\/www.europesays.com\/pt\/wp-json\/wp\/v2\/posts\/166225","targetHints":{"allow":["GET"]}}],"collection":[{"href":"https:\/\/www.europesays.com\/pt\/wp-json\/wp\/v2\/posts"}],"about":[{"href":"https:\/\/www.europesays.com\/pt\/wp-json\/wp\/v2\/types\/post"}],"author":[{"embeddable":true,"href":"https:\/\/www.europesays.com\/pt\/wp-json\/wp\/v2\/users\/2"}],"replies":[{"embeddable":true,"href":"https:\/\/www.europesays.com\/pt\/wp-json\/wp\/v2\/comments?post=166225"}],"version-history":[{"count":0,"href":"https:\/\/www.europesays.com\/pt\/wp-json\/wp\/v2\/posts\/166225\/revisions"}],"wp:featuredmedia":[{"embeddable":true,"href":"https:\/\/www.europesays.com\/pt\/wp-json\/wp\/v2\/media\/166226"}],"wp:attachment":[{"href":"https:\/\/www.europesays.com\/pt\/wp-json\/wp\/v2\/media?parent=166225"}],"wp:term":[{"taxonomy":"category","embeddable":true,"href":"https:\/\/www.europesays.com\/pt\/wp-json\/wp\/v2\/categories?post=166225"},{"taxonomy":"post_tag","embeddable":true,"href":"https:\/\/www.europesays.com\/pt\/wp-json\/wp\/v2\/tags?post=166225"}],"curies":[{"name":"wp","href":"https:\/\/api.w.org\/{rel}","templated":true}]}}