{"id":166420,"date":"2025-11-26T23:13:10","date_gmt":"2025-11-26T23:13:10","guid":{"rendered":"https:\/\/www.europesays.com\/pt\/166420\/"},"modified":"2025-11-26T23:13:10","modified_gmt":"2025-11-26T23:13:10","slug":"primeiras-evidencias-que-apontam-existencia-de-materia-negra","status":"publish","type":"post","link":"https:\/\/www.europesays.com\/pt\/166420\/","title":{"rendered":"Primeiras evid\u00eancias que apontam exist\u00eancia de mat\u00e9ria negra"},"content":{"rendered":"<p><b>Acompanhe toda a atualidade informativa em\u00a0<\/b><a href=\"http:\/\/24noticias.sapo.pt\/\" rel=\"nofollow noopener\" target=\"_blank\"><b>24noticias.sapo.pt<\/b><\/a><\/p>\n<p id=\"s-p-embed-6926\" data-start=\"2454\" data-end=\"2724\">Um estudo recente sugere ter sido obtida a primeira evid\u00eancia direta de mat\u00e9ria negra, uma subst\u00e2ncia invis\u00edvel que, segundo os modelos cosmol\u00f3gicos, constitui cerca de 27% do universo. A mat\u00e9ria negra foi proposta nos anos 1930, quando o astr\u00f3nomo su\u00ed\u00e7o Fritz Zwicky observou que gal\u00e1xias distantes giravam mais rapidamente do que a sua massa vis\u00edvel permitiria. A conclus\u00e3o foi que deveria existir mat\u00e9ria que n\u00e3o emite nem absorve luz, mas exerce atra\u00e7\u00e3o gravitacional sobre a mat\u00e9ria vis\u00edvel.<\/p>\n<p>Apesar de quase um s\u00e9culo de procura, part\u00edculas de mat\u00e9ria negra nunca foram detetadas diretamente, seja atrav\u00e9s de detectores terrestres, telesc\u00f3pios espaciais ou grandes colisionadores, como o Large Hadron Collider perto de Genebra. Uma das hip\u00f3teses predominantes sugere que a mat\u00e9ria negra \u00e9 composta por WIMPs (part\u00edculas massivas de fraca intera\u00e7\u00e3o), que s\u00e3o muito mais pesadas que prot\u00f5es, mas interagem muito pouco com a mat\u00e9ria comum. Quando duas WIMPs colidem, podem aniquilar-se, emitindo outras part\u00edculas e um surto de raios gamma, explica o <a href=\"https:\/\/www.theguardian.com\/science\/2025\/nov\/25\/study-claims-to-provide-first-direct-evidence-of-dark-matter\" rel=\"nofollow noopener\" target=\"_blank\">The Guardian<\/a>.<\/p>\n<p>O professor Tomonori Totani, astrof\u00edsico da Universidade de T\u00f3quio, analisou dados do Fermi Gamma-ray Space Telescope, que deteta os fot\u00f5es mais energ\u00e9ticos do espectro eletromagn\u00e9tico, e identificou um padr\u00e3o de radia\u00e7\u00e3o gama a partir do centro da Via L\u00e1ctea que coincide com a forma esperada do halo de mat\u00e9ria escura que envolve a gal\u00e1xia. Totani afirma que o sinal \u201ccorresponde de perto \u00e0s propriedades previstas para a radia\u00e7\u00e3o gama emitida pela mat\u00e9ria negra\u201d. Se esta interpreta\u00e7\u00e3o estiver correta, indica que a mat\u00e9ria negra seria composta por part\u00edculas cerca de 500 vezes mais massivas que o prot\u00e3o.<\/p>\n<p>No entanto, os cientistas destacam a necessidade de excluir explica\u00e7\u00f5es alternativas, como emiss\u00f5es de fundo ou processos astrof\u00edsicos desconhecidos. Tomonori Totani aponta que o fator decisivo seria detetar raios gamma com o mesmo espectro em outras regi\u00f5es, como gal\u00e1xias an\u00e3s. Contudo, at\u00e9 agora, essas gal\u00e1xias n\u00e3o mostraram sinais significativos, o que enfraquece a interpreta\u00e7\u00e3o de Tomonori Totani.<\/p>\n<p>Especialistas como o professor Justin Read (Universidade de Surrey) e o professor Kinwah Wu (UCL) alertam que a descoberta ainda n\u00e3o \u00e9 conclusiva. Kinwah Wu referiu que \u00e9 necess\u00e1rio \u201cprovas extraordin\u00e1rias para uma afirma\u00e7\u00e3o extraordin\u00e1ria\u201d, e que o estudo serve sobretudo como incentivo para continuar a investiga\u00e7\u00e3o.<\/p>\n<p><b>A sua newsletter de sempre, agora ainda mais \u00fatil<\/b><\/p>\n<p>Com o lan\u00e7amento da nova marca de informa\u00e7\u00e3o\u00a0<b>24not\u00edcias<\/b>, estamos a mudar a plataforma de newsletters, aproveitando para refor\u00e7ar a informa\u00e7\u00e3o que os leitores mais valorizam:\u00a0<b>a que lhes \u00e9 \u00fatil, ajuda a tomar decis\u00f5es e a entender o mundo.<\/b><\/p>\n<p><b>Assine a nova newsletter do 24not\u00edcias\u00a0<\/b><a href=\"https:\/\/sapo.us1.list-manage.com\/subscribe?u=8f49263740b14ab5854be8045&amp;id=57a39c5e8f\" rel=\"nofollow noopener\" target=\"_blank\"><b>aqui<\/b><\/a><b>.<\/b><\/p>\n","protected":false},"excerpt":{"rendered":"Acompanhe toda a atualidade informativa em\u00a024noticias.sapo.pt Um estudo recente sugere ter sido obtida a primeira evid\u00eancia direta de&hellip;\n","protected":false},"author":2,"featured_media":166421,"comment_status":"","ping_status":"","sticky":false,"template":"","format":"standard","meta":{"footnotes":""},"categories":[84],"tags":[109,107,108,32,33,105,103,104,106,110],"class_list":{"0":"post-166420","1":"post","2":"type-post","3":"status-publish","4":"format-standard","5":"has-post-thumbnail","7":"category-ciencia-e-tecnologia","8":"tag-ciencia","9":"tag-ciencia-e-tecnologia","10":"tag-cienciaetecnologia","11":"tag-portugal","12":"tag-pt","13":"tag-science","14":"tag-science-and-technology","15":"tag-scienceandtechnology","16":"tag-technology","17":"tag-tecnologia"},"share_on_mastodon":{"url":"https:\/\/pubeurope.com\/@pt\/115618539301925746","error":""},"_links":{"self":[{"href":"https:\/\/www.europesays.com\/pt\/wp-json\/wp\/v2\/posts\/166420","targetHints":{"allow":["GET"]}}],"collection":[{"href":"https:\/\/www.europesays.com\/pt\/wp-json\/wp\/v2\/posts"}],"about":[{"href":"https:\/\/www.europesays.com\/pt\/wp-json\/wp\/v2\/types\/post"}],"author":[{"embeddable":true,"href":"https:\/\/www.europesays.com\/pt\/wp-json\/wp\/v2\/users\/2"}],"replies":[{"embeddable":true,"href":"https:\/\/www.europesays.com\/pt\/wp-json\/wp\/v2\/comments?post=166420"}],"version-history":[{"count":0,"href":"https:\/\/www.europesays.com\/pt\/wp-json\/wp\/v2\/posts\/166420\/revisions"}],"wp:featuredmedia":[{"embeddable":true,"href":"https:\/\/www.europesays.com\/pt\/wp-json\/wp\/v2\/media\/166421"}],"wp:attachment":[{"href":"https:\/\/www.europesays.com\/pt\/wp-json\/wp\/v2\/media?parent=166420"}],"wp:term":[{"taxonomy":"category","embeddable":true,"href":"https:\/\/www.europesays.com\/pt\/wp-json\/wp\/v2\/categories?post=166420"},{"taxonomy":"post_tag","embeddable":true,"href":"https:\/\/www.europesays.com\/pt\/wp-json\/wp\/v2\/tags?post=166420"}],"curies":[{"name":"wp","href":"https:\/\/api.w.org\/{rel}","templated":true}]}}