{"id":166422,"date":"2025-11-26T23:15:13","date_gmt":"2025-11-26T23:15:13","guid":{"rendered":"https:\/\/www.europesays.com\/pt\/166422\/"},"modified":"2025-11-26T23:15:13","modified_gmt":"2025-11-26T23:15:13","slug":"guerreiro-dos-bebes-que-matou-tres-pessoas-em-clinica-que-realizava-abortos-morre-na-prisao","status":"publish","type":"post","link":"https:\/\/www.europesays.com\/pt\/166422\/","title":{"rendered":"&#8220;Guerreiro dos beb\u00e9s&#8221; que matou tr\u00eas pessoas em cl\u00ednica que realizava abortos morre na pris\u00e3o"},"content":{"rendered":"<p data-remotead-prev-elm=\"true\" data-remotead-elm-id=\"inread\">Robert Dear morreu, no s\u00e1bado, aos 67 anos de causas naturais, informou o Sistema Penitenci\u00e1rio Federal dos Estados Unidos.<\/p>\n<p>Acusado pela Justi\u00e7a Federal em 2019, Dear morreu na enfermaria de uma pris\u00e3o sem ter sido julgado, ap\u00f3s ser declarado &#8220;mentalmente incapaz&#8221; mais de uma vez.<\/p>\n<p>Segundo documentos judiciais, Dear entrou fortemente armado no centro m\u00e9dico em Colorado Springs em 27 de novembro de 2015 para iniciar uma &#8220;guerra&#8221; porque o estabelecimento realizava abortos. Primeiro, abriu fogo no estacionamento, onde matou uma pessoa e feriu gravemente outras duas. Depois, matou uma segunda v\u00edtima antes de entrar no centro.<\/p>\n<p data-remotead-prev-elm=\"true\" data-remotead-elm-id=\"centro1\">Os funcion\u00e1rios e pacientes conseguiram escapar ou esconder-se at\u00e9 \u00e0 chegada dos servi\u00e7os de emerg\u00eancia, que enfrentaram o cerco do agressor durante cinco horas. Um pol\u00edcia morreu e v\u00e1rios ficaram feridos no confronto.<\/p>\n<p>Dear confessou o crime no final de 2015, quando se declarou &#8220;um guerreiro dos beb\u00e9s&#8221;. Se tivesse sido julgado e considerado culpado pela Justi\u00e7a Federal, poderia ter sido condenado \u00e0 pena de morte.<\/p>\n","protected":false},"excerpt":{"rendered":"Robert Dear morreu, no s\u00e1bado, aos 67 anos de causas naturais, informou o Sistema Penitenci\u00e1rio Federal dos Estados&hellip;\n","protected":false},"author":2,"featured_media":166423,"comment_status":"","ping_status":"","sticky":false,"template":"","format":"standard","meta":{"footnotes":""},"categories":[50],"tags":[2314,27,28,413,15,16,14,25,26,21,22,62,12,13,19,20,23,24,17,18,29,30,31,63,64,65],"class_list":{"0":"post-166422","1":"post","2":"type-post","3":"status-publish","4":"format-standard","5":"has-post-thumbnail","7":"category-mundo","8":"tag-aborto","9":"tag-breaking-news","10":"tag-breakingnews","11":"tag-eua","12":"tag-featured-news","13":"tag-featurednews","14":"tag-headlines","15":"tag-latest-news","16":"tag-latestnews","17":"tag-main-news","18":"tag-mainnews","19":"tag-mundo","20":"tag-news","21":"tag-noticias","22":"tag-noticias-principais","23":"tag-noticiasprincipais","24":"tag-principais-noticias","25":"tag-principaisnoticias","26":"tag-top-stories","27":"tag-topstories","28":"tag-ultimas","29":"tag-ultimas-noticias","30":"tag-ultimasnoticias","31":"tag-world","32":"tag-world-news","33":"tag-worldnews"},"share_on_mastodon":{"url":"https:\/\/pubeurope.com\/@pt\/115618547342200724","error":""},"_links":{"self":[{"href":"https:\/\/www.europesays.com\/pt\/wp-json\/wp\/v2\/posts\/166422","targetHints":{"allow":["GET"]}}],"collection":[{"href":"https:\/\/www.europesays.com\/pt\/wp-json\/wp\/v2\/posts"}],"about":[{"href":"https:\/\/www.europesays.com\/pt\/wp-json\/wp\/v2\/types\/post"}],"author":[{"embeddable":true,"href":"https:\/\/www.europesays.com\/pt\/wp-json\/wp\/v2\/users\/2"}],"replies":[{"embeddable":true,"href":"https:\/\/www.europesays.com\/pt\/wp-json\/wp\/v2\/comments?post=166422"}],"version-history":[{"count":0,"href":"https:\/\/www.europesays.com\/pt\/wp-json\/wp\/v2\/posts\/166422\/revisions"}],"wp:featuredmedia":[{"embeddable":true,"href":"https:\/\/www.europesays.com\/pt\/wp-json\/wp\/v2\/media\/166423"}],"wp:attachment":[{"href":"https:\/\/www.europesays.com\/pt\/wp-json\/wp\/v2\/media?parent=166422"}],"wp:term":[{"taxonomy":"category","embeddable":true,"href":"https:\/\/www.europesays.com\/pt\/wp-json\/wp\/v2\/categories?post=166422"},{"taxonomy":"post_tag","embeddable":true,"href":"https:\/\/www.europesays.com\/pt\/wp-json\/wp\/v2\/tags?post=166422"}],"curies":[{"name":"wp","href":"https:\/\/api.w.org\/{rel}","templated":true}]}}