{"id":166434,"date":"2025-11-26T23:29:15","date_gmt":"2025-11-26T23:29:15","guid":{"rendered":"https:\/\/www.europesays.com\/pt\/166434\/"},"modified":"2025-11-26T23:29:15","modified_gmt":"2025-11-26T23:29:15","slug":"soldados-ucranianos-cobardes-e-uma-mobilizacao-fora-da-lei-deepfakes-sao-mais-uma-arma-russa-para-semear-panico-duvida-e-cansaco","status":"publish","type":"post","link":"https:\/\/www.europesays.com\/pt\/166434\/","title":{"rendered":"Soldados ucranianos \u201ccobardes\u201d e uma mobiliza\u00e7\u00e3o fora da lei: &#8216;deepfakes&#8217; s\u00e3o mais uma arma russa para semear \u201cp\u00e2nico, d\u00favida e cansa\u00e7o\u201d"},"content":{"rendered":"<p>Em 2022, no come\u00e7o da guerra na Ucr\u00e2nia, a <a href=\"https:\/\/edition.cnn.com\/2022\/03\/16\/tech\/deepfake-zelensky-facebook-meta\/index.html\" target=\"_blank\" rel=\"noopener noreferrer nofollow\"><strong>\u201cCNN Business\u201d<\/strong><\/a> alertava que o Facebook e o YouTube removeram um deepfake do Presidente ucraniano que alegadamente o mostrava a render-se \u00e0 R\u00fassia. Desde ent\u00e3o, nos \u00faltimos tr\u00eas anos, a guerra de informa\u00e7\u00e3o ganhou ainda mais alcance e velocidade. O <a href=\"https:\/\/cpd.gov.ua\/en\/international-threats-en\/europe\/information-operations-by-russia-using-ai-on-social-media\/\" target=\"_blank\" rel=\"noopener noreferrer nofollow\"><strong>Centro de Combate \u00e0 Desinforma\u00e7\u00e3o<\/strong><\/a>, um \u00f3rg\u00e3o de trabalho do Conselho de Seguran\u00e7a e Defesa Nacional da Ucr\u00e2nia, revelava, em abril deste ano, que <strong>\u201ca R\u00fassia est\u00e1 a utilizar cada vez mais a intelig\u00eancia artificial nas guerras de informa\u00e7\u00e3o\u201d<\/strong>, tendo o Centro registado, naqueles primeiros quatro meses desde o in\u00edcio de 2025, 191 opera\u00e7\u00f5es de informa\u00e7\u00e3o russas (conte\u00fados gerados por IA, com um alcance total de pelo menos 84,5 milh\u00f5es de visualiza\u00e7\u00f5es).<\/p>\n<p><a href=\"https:\/\/expresso.pt\/subscrever?action=GEN&amp;channel=VID&amp;type=CAP&amp;source=WEB&amp;returnUrl=https:\/\/expresso.pt\/internacional\/guerra-na-ucrania\/2025-11-26-soldados-ucranianos-cobardes-e-uma-mobilizacao-fora-da-lei-deepfakes-sao-mais-uma-arma-russa-para-semear-panico-duvida-e-cansaco-4ad16430&amp;utm_source=expresso&amp;utm_medium=locked_article&amp;locked=true&amp;article_id=c889c87b-04f3-4664-b62e-25cc81a73d30&amp;author_id=Catarina+Maldonado+Vasconcelos&amp;category=Guerra+na+Ucr\u00e2nia\" target=\"_self\" class=\"\" rel=\"nofollow noopener\">Subscrever<\/a>J\u00e1 \u00e9 Subscritor?Fa\u00e7a login e continue a ler<a href=\"http:\/\/expresso.pt\/codigo?redirectUrl=https:\/\/expresso.pt\/internacional\/guerra-na-ucrania\/2025-11-26-soldados-ucranianos-cobardes-e-uma-mobilizacao-fora-da-lei-deepfakes-sao-mais-uma-arma-russa-para-semear-panico-duvida-e-cansaco-4ad16430\" target=\"_self\" class=\"\" rel=\"nofollow noopener\">Inserir C\u00f3digo<\/a>Comprou o Expresso?Insira o c\u00f3digo presente na Revista E para continuar a ler<\/p>\n","protected":false},"excerpt":{"rendered":"Em 2022, no come\u00e7o da guerra na Ucr\u00e2nia, a \u201cCNN Business\u201d alertava que o Facebook e o YouTube&hellip;\n","protected":false},"author":2,"featured_media":166435,"comment_status":"","ping_status":"","sticky":false,"template":"","format":"standard","meta":{"footnotes":""},"categories":[50],"tags":[27,28,15,16,14,25,26,21,22,62,12,13,19,20,23,24,17,18,29,30,31,63,64,65],"class_list":{"0":"post-166434","1":"post","2":"type-post","3":"status-publish","4":"format-standard","5":"has-post-thumbnail","7":"category-mundo","8":"tag-breaking-news","9":"tag-breakingnews","10":"tag-featured-news","11":"tag-featurednews","12":"tag-headlines","13":"tag-latest-news","14":"tag-latestnews","15":"tag-main-news","16":"tag-mainnews","17":"tag-mundo","18":"tag-news","19":"tag-noticias","20":"tag-noticias-principais","21":"tag-noticiasprincipais","22":"tag-principais-noticias","23":"tag-principaisnoticias","24":"tag-top-stories","25":"tag-topstories","26":"tag-ultimas","27":"tag-ultimas-noticias","28":"tag-ultimasnoticias","29":"tag-world","30":"tag-world-news","31":"tag-worldnews"},"share_on_mastodon":{"url":"https:\/\/pubeurope.com\/@pt\/115618602548086027","error":""},"_links":{"self":[{"href":"https:\/\/www.europesays.com\/pt\/wp-json\/wp\/v2\/posts\/166434","targetHints":{"allow":["GET"]}}],"collection":[{"href":"https:\/\/www.europesays.com\/pt\/wp-json\/wp\/v2\/posts"}],"about":[{"href":"https:\/\/www.europesays.com\/pt\/wp-json\/wp\/v2\/types\/post"}],"author":[{"embeddable":true,"href":"https:\/\/www.europesays.com\/pt\/wp-json\/wp\/v2\/users\/2"}],"replies":[{"embeddable":true,"href":"https:\/\/www.europesays.com\/pt\/wp-json\/wp\/v2\/comments?post=166434"}],"version-history":[{"count":0,"href":"https:\/\/www.europesays.com\/pt\/wp-json\/wp\/v2\/posts\/166434\/revisions"}],"wp:featuredmedia":[{"embeddable":true,"href":"https:\/\/www.europesays.com\/pt\/wp-json\/wp\/v2\/media\/166435"}],"wp:attachment":[{"href":"https:\/\/www.europesays.com\/pt\/wp-json\/wp\/v2\/media?parent=166434"}],"wp:term":[{"taxonomy":"category","embeddable":true,"href":"https:\/\/www.europesays.com\/pt\/wp-json\/wp\/v2\/categories?post=166434"},{"taxonomy":"post_tag","embeddable":true,"href":"https:\/\/www.europesays.com\/pt\/wp-json\/wp\/v2\/tags?post=166434"}],"curies":[{"name":"wp","href":"https:\/\/api.w.org\/{rel}","templated":true}]}}