{"id":166438,"date":"2025-11-26T23:33:11","date_gmt":"2025-11-26T23:33:11","guid":{"rendered":"https:\/\/www.europesays.com\/pt\/166438\/"},"modified":"2025-11-26T23:33:11","modified_gmt":"2025-11-26T23:33:11","slug":"creo-kellab-define-fabiano-moraes-como-cruel-e-se-diverte-ao-lembrar-cena-de-incendio-com-dudu-camargo-record","status":"publish","type":"post","link":"https:\/\/www.europesays.com\/pt\/166438\/","title":{"rendered":"Cr\u00e9o Kellab define Fabiano Moraes como \u2018cruel\u2019 e se diverte ao lembrar cena de \u2018inc\u00eandio\u2019 com Dudu Camargo \u2013 Record"},"content":{"rendered":"<p><img decoding=\"async\" data-chromatic=\"ignore\" alt=\"\" class=\"c-image\" loading=\"lazy\" src=\"https:\/\/www.europesays.com\/pt\/wp-content\/uploads\/2025\/11\/3MG2M7ITPFDNND4LAU6NPQCKPY.png\"  width=\"2116\" height=\"1153\"\/>Cr\u00e9o n\u00e3o poupou cr\u00edticas e opini\u00f5es apimentadas Reprodu\u00e7\u00e3o\/YouTube <\/p>\n<p class=\"jarvics:base-text-neutral-high-400 base-text-[calc(theme(fontSize.xs)_*_var(--font-size,_1))] base-font-normal base-font-primary base-text-neutral-low-500 base-text-left\">Passado o <a href=\"https:\/\/record.r7.com\/a-fazenda\/a-fazenda-17\/novidades\/creo-kellab-e-expulso-de-a-fazenda-17-26112025\/\" target=\"_self\" rel=\"nofollow noopener\" title=\"https:\/\/record.r7.com\/a-fazenda\/a-fazenda-17\/novidades\/creo-kellab-e-expulso-de-a-fazenda-17-26112025\/\"><b>susto da expuls\u00e3o<\/b><\/a>, <a href=\"https:\/\/record.r7.com\/a-fazenda\/a-fazenda-17\/peoes\/creo-kellab\" target=\"_self\" title=\"Cr&#xE9;o Kellab\" rel=\"nofollow noopener\"><b>Cr\u00e9o Kellab<\/b><\/a><b> <\/b>chegou sorridente como de costume na Live Especial de <a href=\"https:\/\/record.r7.com\/a-fazenda\/a-fazenda-17\/\" target=\"_self\" rel=\"nofollow noopener\" title=\"https:\/\/record.r7.com\/a-fazenda\/a-fazenda-17\/\"><b>A Fazenda 17<\/b><\/a>! O ator bateu um papo descontra\u00eddo, mas repleto de explica\u00e7\u00f5es e descobertas sobre sua trajet\u00f3ria no reality rural. Lucas Selfie recebeu o ex-pe\u00e3o com perguntas afiadas. Se liga! <\/p>\n<ul class=\"b-article-body__list-unordered\">\n<li><b>Quer ficar por dentro de tudo que est\u00e1 acontecendo em\u00a0<\/b><b>A Fazenda 17<\/b><b>?\u00a0<\/b><a href=\"https:\/\/www.whatsapp.com\/channel\/0029Va2cJIR1noz2ahzX0D1N\" rel=\"nofollow noopener\" title=\"https:\/\/www.whatsapp.com\/channel\/0029Va2cJIR1noz2ahzX0D1N\" target=\"_blank\"><b>Clique aqui<\/b><\/a><b>\u00a0e fa\u00e7a parte do nosso canal no WhatsApp!<\/b><\/li>\n<\/ul>\n<p class=\"jarvics:base-text-neutral-high-400 base-text-[calc(theme(fontSize.xs)_*_var(--font-size,_1))] base-font-normal base-font-primary base-text-neutral-low-500 base-text-left\">Cr\u00e9o chegou explicando a situa\u00e7\u00e3o da m\u00e3e, que teve uma parada card\u00edaca e ficou em coma. O ator revelou que a senhora era muito saud\u00e1vel, n\u00e3o tinha doen\u00e7as, e ele foi pego de surpresa. Al\u00e9m disso, antes de entrar em coma, a m\u00e3e pediu para avisarem ao Cr\u00e9o que ela n\u00e3o queria que o filho desistisse, pois estava muito feliz com o ator na TV.<\/p>\n<p class=\"jarvics:base-text-neutral-high-400 base-text-[calc(theme(fontSize.xs)_*_var(--font-size,_1))] base-font-normal base-font-primary base-text-neutral-low-500 base-text-left\">O ex-pe\u00e3o alegou que <a href=\"https:\/\/record.r7.com\/a-fazenda\/a-fazenda-17\/peoes\/fabiano-moraes\" target=\"_self\" title=\"Fabiano Moraes\" rel=\"nofollow noopener\"><b>Fabiano Moraes<\/b><\/a><b> <\/b>citou a m\u00e3e durante a vota\u00e7\u00e3o e no intervalo: \u201cNunca pensei que uma pessoa pudesse usar isso!\u201d Cr\u00e9o explicou que a m\u00e3o estava fechada, pois ele estava segurando o macaquinho da filha e definiu o empres\u00e1rio: \u201cCruel\u201d.<\/p>\n<p class=\"jarvics:base-text-neutral-high-400 base-text-[calc(theme(fontSize.xs)_*_var(--font-size,_1))] base-font-normal base-font-primary base-text-neutral-low-500 base-text-left\">O ator tamb\u00e9m contou que a filha era uma bebezinha de dois meses quando ele estava se preparando para entrar em A Fazenda. Poucos dias antes do confinamento, a pequena teve uma convuls\u00e3o e ficou internada. Cr\u00e9o explicou que a esposa deu for\u00e7ar para ele ir para o reality, e na pressa, a roupinha foi uma \u2018lembran\u00e7a\u2019 que ele pegou para t\u00ea-la por perto.<\/p>\n<p class=\"jarvics:base-text-neutral-high-400 base-text-[calc(theme(fontSize.xs)_*_var(--font-size,_1))] base-font-normal base-font-primary base-text-neutral-low-500 base-text-left\">Selfie quis saber se era verdade que Cr\u00e9o nunca tinha assistido realities. O ex-pe\u00e3o confirmou, mas apontou que \u00e9 muito amigo do ator Andr\u00e9 Gon\u00e7alves, e por isso, chegou a acompanhar alguns cortes de A Fazenda 15.<\/p>\n<p class=\"jarvics:base-text-neutral-high-400 base-text-[calc(theme(fontSize.xs)_*_var(--font-size,_1))] base-font-normal base-font-primary base-text-neutral-low-500 base-text-left\">Na opini\u00e3o dele, o embate com <a href=\"https:\/\/record.r7.com\/a-fazenda\/a-fazenda-17\/peoes\/nizam-hayek\" target=\"_self\" title=\"Nizam Hayek\" rel=\"nofollow noopener\"><b>Nizam Hayek<\/b><\/a> o colocou no jogo. Ao contr\u00e1rio do inimigo, Cr\u00e9o pontuou que se jogava nas estrat\u00e9gias: \u201cEle tinha p\u00e2nico da Ro\u00e7a.\u201d <\/p>\n<p class=\"jarvics:base-text-neutral-high-400 base-text-[calc(theme(fontSize.xs)_*_var(--font-size,_1))] base-font-normal base-font-primary base-text-neutral-low-500 base-text-left\">E por falar em rivalidades, Selfie mostrou o VT da briga dele com <a href=\"https:\/\/record.r7.com\/a-fazenda\/a-fazenda-17\/peoes\/rayane-figliuzzi\" target=\"_self\" title=\"Rayane Figliuzzi\" rel=\"nofollow noopener\"><b>Rayane Figliuzzi<\/b><\/a>, quando a peoa se enfeza pelos colegas ao lado enquanto ela se trocava. Cr\u00e9o abriu o cora\u00e7\u00e3o, dizendo que sentiu que a peoa foi muito \u2018suja\u2019 com ele, pois eram amigos desde o primeiro dia: \u201cN\u00e3o conseguia ouvir a voz dela. [&#8230;] Nesse dia eu chorei!\u201d.<\/p>\n<p class=\"jarvics:base-text-neutral-high-400 base-text-[calc(theme(fontSize.xs)_*_var(--font-size,_1))] base-font-normal base-font-primary base-text-neutral-low-500 base-text-left\">Cr\u00e9o tamb\u00e9m afirmou que conseguiu ver tr\u00eas embates fora do jogo, Nizam, Martina e Will. Selfie disse para o ex-pe\u00e3o que Martina comemorou a expuls\u00e3o dele, e o ator disparou para ela: \u201cSuas agress\u00f5es eram baixas. [&#8230;] Se eu sou planta, tudo bem, amo plantas. Eu joguei, mexi pe\u00e7as, o que voc\u00ea fez? Nada al\u00e9m de latir!\u201d<\/p>\n<p class=\"jarvics:base-text-neutral-high-400 base-text-[calc(theme(fontSize.xs)_*_var(--font-size,_1))] base-font-normal base-font-primary base-text-neutral-low-500 base-text-left\">Por falar em expuls\u00e3o, o apresentador mostrou a cena que levou Cr\u00e9o para fora do game, e ele assistiu ao momento com desespero: \u201cOlha o rosto dele [Fabiano], era tudo o que ele queria!\u201d<\/p>\n<p class=\"jarvics:base-text-neutral-high-400 base-text-[calc(theme(fontSize.xs)_*_var(--font-size,_1))] base-font-normal base-font-primary base-text-neutral-low-500 base-text-left\">Lucas quis saber exatamente o que o empres\u00e1rio disse para deixar Cr\u00e9o abalado, e ele explicou: \u201cTem um corte que ele falou assim, pode continuar falando. Eu fiz ora\u00e7\u00e3o para tua m\u00e3e!\u201d.<\/p>\n<p class=\"jarvics:base-text-neutral-high-400 base-text-[calc(theme(fontSize.xs)_*_var(--font-size,_1))] base-font-normal base-font-primary base-text-neutral-low-500 base-text-left\">Para aliviar a tens\u00e3o da conversa, Selfie perguntou quem ganha o programa na opini\u00e3o de Cr\u00e9o. Ele disse que torce por Toninho, mas que acredita que \u00e9 Dudu quem vence. O ator lembrou at\u00f4nito da primeira discuss\u00e3o que teve com o jornalista: \u201cEu vi aquele cara de terno parecendo o Silvio Santos&#8230; A bandeja de p\u00e3o de queijo quase caindo no Mesquita\u201d, relembrou, caindo na gargalhada.<\/p>\n<p class=\"jarvics:base-text-neutral-high-400 base-text-[calc(theme(fontSize.xs)_*_var(--font-size,_1))] base-font-normal base-font-primary base-text-neutral-low-500 base-text-left\">Para Cr\u00e9o, Dudu tem um trunfo: \u201cO maior e melhor manipulador da edi\u00e7\u00e3o!\u201d. Ele ficou em choque com a numerosa torcida de Dudu, e falou que s\u00f3 n\u00e3o continuou ao lado do pe\u00e3o, pois ele se reaproximou de <a href=\"https:\/\/record.r7.com\/a-fazenda\/a-fazenda-17\/peoes\/carol-lekker\" target=\"_self\" title=\"Carol Lekker\" rel=\"nofollow noopener\"><b>Carol Lekker<\/b><\/a>: \u201cGosto do Dudu e ele gosta de mim, queria continuar jogando com ele\u201d.<\/p>\n<p class=\"jarvics:base-text-neutral-high-400 base-text-[calc(theme(fontSize.xs)_*_var(--font-size,_1))] base-font-normal base-font-primary base-text-neutral-low-500 base-text-left\">Cr\u00e9o tamb\u00e9m p\u00f4de ver o v\u00eddeo da estrat\u00e9gia da Ro\u00e7a, quando o grupo Domin\u00f3 se jogou na berlinda, e explicou: \u201c\u00c9 uma coisa que n\u00e3o acontece em reality, mas se voc\u00ea fizer tudo igual, voc\u00ea vai ser sempre uma c\u00f3pia\u201d, refletiu, dando prefer\u00eancia a um jogo arriscado. <\/p>\n<p class=\"jarvics:base-text-neutral-high-400 base-text-[calc(theme(fontSize.xs)_*_var(--font-size,_1))] base-font-normal base-font-primary base-text-neutral-low-500 base-text-left\">Selfie pediu que Cr\u00e9o dissesse com quem gostaria de chegar \u00e0 final, e o ator apontou Toninho, <a href=\"https:\/\/record.r7.com\/a-fazenda\/a-fazenda-17\/peoes\/shia-phoenix\" target=\"_self\" title=\"Shia Phoenix\" rel=\"nofollow noopener\"><b>Shia Phoenix<\/b><\/a> e Dudu. O apresentador ent\u00e3o mostrou o p\u00f3dio de Shia, que n\u00e3o tinha nem Cr\u00e9o e nem Toninho. <\/p>\n<p class=\"jarvics:base-text-neutral-high-400 base-text-[calc(theme(fontSize.xs)_*_var(--font-size,_1))] base-font-normal base-font-primary base-text-neutral-low-500 base-text-left\">Ele viu Shia falando que Cr\u00e9o e Toninho n\u00e3o jogavam muito, e rebateu: \u201cFui eu que pulei na bala dele, ele \u00e9 um cara muito afobado, resolve as coisas afobadamente, acha que tudo que ele fala vai dar certo porque \u00e9 feito por ele!\u201d. Segundo Cr\u00e9o, o amigo deu prioridade ao romance com <a href=\"https:\/\/record.r7.com\/a-fazenda\/a-fazenda-17\/peoes\/michelle-barros\" target=\"_self\" title=\"Michelle Barros\" rel=\"nofollow noopener\"><b>Michelle Barros<\/b><\/a> e \u00e0s confabula\u00e7\u00f5es com Dudu e <a href=\"https:\/\/record.r7.com\/a-fazenda\/a-fazenda-17\/peoes\/matheus-martins\" target=\"_self\" title=\"Matheus Martins\" rel=\"nofollow noopener\"><b>Matheus Martins<\/b><\/a>.<\/p>\n<p class=\"jarvics:base-text-neutral-high-400 base-text-[calc(theme(fontSize.xs)_*_var(--font-size,_1))] base-font-normal base-font-primary base-text-neutral-low-500 base-text-left\">De volta ao assunto da expuls\u00e3o, Cr\u00e9o falou que \u2018nada justifica\u2019 o que ele fez, mas deixou uma pergunta: \u201cVoc\u00eas acham, sinceramente, que eu estava completamente bem?\u201d. Ele explicou que entendeu a fala de Fabiano como uma provoca\u00e7\u00e3o: \u201cJ\u00e1 estava abalado psicologicamente.\u201d<\/p>\n<p class=\"jarvics:base-text-neutral-high-400 base-text-[calc(theme(fontSize.xs)_*_var(--font-size,_1))] base-font-normal base-font-primary base-text-neutral-low-500 base-text-left\">Na hora da vingan\u00e7a, Cr\u00e9o encheu Fabiano de adjetivos negativos no jogo das plaquinhas.<\/p>\n<p><b>Assista:<\/b><\/p>\n<p class=\"jarvics:base-text-neutral-high-400 base-text-[calc(theme(fontSize.xs)_*_var(--font-size,_1))] base-font-normal base-font-primary base-text-neutral-low-500 base-text-left\">Fique ligado! <a href=\"https:\/\/record.r7.com\/a-fazenda\/a-fazenda-17\/\" rel=\"nofollow noopener\" title=\"https:\/\/record.r7.com\/a-fazenda\/a-fazenda-17\/\" target=\"_blank\"><b>A Fazenda 17<\/b><\/a> vai ao ar de segunda a domingo, \u00e0s 22h30, na tela da <a href=\"https:\/\/record.r7.com\/\" rel=\"nofollow noopener\" target=\"_blank\"><b>RECORD<\/b><\/a>. Assine o <a href=\"https:\/\/www.recordplus.com\/home\" rel=\"nofollow noopener\" title=\"https:\/\/www.recordplus.com\/home\" target=\"_blank\"><b>RecordPlus<\/b><\/a> e tenha acesso \u00e0s c\u00e2meras 24 horas.<\/p>\n<p><b>Ro\u00e7a Surpresa, reviravoltas e expuls\u00e3o ao vivo marcam a noite mais emocionante de A Fazenda 17<\/b><\/p>\n<p class=\"jarvics:base-text-neutral-high-400 base-text-[calc(theme(fontSize.xxs)_*_var(--font-size,_1))] base-font-semibold base-font-primary base-text-neutral-low-500 base-text-left\">Nada preparou os pe\u00f5es para todas as emo\u00e7\u00f5es que eles viveram na madrugada desta quarta (26). Tudo come\u00e7ou ainda na ter\u00e7a (25), com o resultado da Ro\u00e7a Surpresa. Depois, um votat\u00f3rio daqueles incendiou o deck com direito a embate pesado, o que levou \u00e0 expuls\u00e3o de Cr\u00e9o Kellab ao vivo. Confira como a sede reagiu a tudo que rolou<\/p>\n<p class=\"jarvics:base-text-neutral-high-400 base-text-[calc(theme(fontSize.little)_*_var(--font-size,_1))] base-font-normal base-font-primary base-text-neutral-low-500 base-text-left\">Reprodu\u00e7\u00e3o\/RECORD<\/p>\n","protected":false},"excerpt":{"rendered":"Cr\u00e9o n\u00e3o poupou cr\u00edticas e opini\u00f5es apimentadas Reprodu\u00e7\u00e3o\/YouTube Passado o susto da expuls\u00e3o, Cr\u00e9o Kellab chegou sorridente como&hellip;\n","protected":false},"author":2,"featured_media":166439,"comment_status":"","ping_status":"","sticky":false,"template":"","format":"standard","meta":{"footnotes":""},"categories":[145],"tags":[657,211,210,24064,114,115,16778,32,33],"class_list":{"0":"post-166438","1":"post","2":"type-post","3":"status-publish","4":"format-standard","5":"has-post-thumbnail","7":"category-celebridades","8":"tag-a-fazenda","9":"tag-celebridades","10":"tag-celebrities","11":"tag-creo-kellab","12":"tag-entertainment","13":"tag-entretenimento","14":"tag-lucas-selfie","15":"tag-portugal","16":"tag-pt"},"share_on_mastodon":{"url":"https:\/\/pubeurope.com\/@pt\/115618618246164945","error":""},"_links":{"self":[{"href":"https:\/\/www.europesays.com\/pt\/wp-json\/wp\/v2\/posts\/166438","targetHints":{"allow":["GET"]}}],"collection":[{"href":"https:\/\/www.europesays.com\/pt\/wp-json\/wp\/v2\/posts"}],"about":[{"href":"https:\/\/www.europesays.com\/pt\/wp-json\/wp\/v2\/types\/post"}],"author":[{"embeddable":true,"href":"https:\/\/www.europesays.com\/pt\/wp-json\/wp\/v2\/users\/2"}],"replies":[{"embeddable":true,"href":"https:\/\/www.europesays.com\/pt\/wp-json\/wp\/v2\/comments?post=166438"}],"version-history":[{"count":0,"href":"https:\/\/www.europesays.com\/pt\/wp-json\/wp\/v2\/posts\/166438\/revisions"}],"wp:featuredmedia":[{"embeddable":true,"href":"https:\/\/www.europesays.com\/pt\/wp-json\/wp\/v2\/media\/166439"}],"wp:attachment":[{"href":"https:\/\/www.europesays.com\/pt\/wp-json\/wp\/v2\/media?parent=166438"}],"wp:term":[{"taxonomy":"category","embeddable":true,"href":"https:\/\/www.europesays.com\/pt\/wp-json\/wp\/v2\/categories?post=166438"},{"taxonomy":"post_tag","embeddable":true,"href":"https:\/\/www.europesays.com\/pt\/wp-json\/wp\/v2\/tags?post=166438"}],"curies":[{"name":"wp","href":"https:\/\/api.w.org\/{rel}","templated":true}]}}