{"id":166446,"date":"2025-11-26T23:44:13","date_gmt":"2025-11-26T23:44:13","guid":{"rendered":"https:\/\/www.europesays.com\/pt\/166446\/"},"modified":"2025-11-26T23:44:13","modified_gmt":"2025-11-26T23:44:13","slug":"enfermeiro-fez-se-passar-pela-mae-para-receber-a-pensao-dinheiro-caiu-na-conta-todos-os-meses-ate-este-dia","status":"publish","type":"post","link":"https:\/\/www.europesays.com\/pt\/166446\/","title":{"rendered":"Enfermeiro fez-se passar pela m\u00e3e para receber a pens\u00e3o: dinheiro &#8216;caiu&#8217; na conta todos os meses at\u00e9 este dia"},"content":{"rendered":"<p><strong>Um enfermeiro italiano de 57 anos conseguiu receber durante tr\u00eas anos a pens\u00e3o da m\u00e3e j\u00e1 falecida, mantendo o corpo escondido e sem comunicar a morte \u00e0s autoridades. De acordo com o jornal italiano Corriere della Sera, o esquema s\u00f3 terminou quando o homem se disfar\u00e7ou de mulher para renovar o bilhete de identidade da progenitora, num momento que levantou suspeitas nos servi\u00e7os p\u00fablicos. <\/strong><\/p>\n<p>O caso remonta a 11 de novembro e teve origem na pequena localidade de Borgo Virgilio, situada no norte de It\u00e1lia.<\/p>\n<p class=\"has-medium-font-size\"><strong>Momento que denunciou o plano<\/strong><\/p>\n<p>Segundo o jornal, o homem apresentou-se na c\u00e2mara municipal vestido como a m\u00e3e, usando uma peruca, maquilhagem, brincos, unhas pintadas e at\u00e9 um colar de p\u00e9rolas para simular a apar\u00eancia da idosa. Os trabalhadores da autarquia estranharam a postura, a voz e os movimentos, levando \u00e0 interven\u00e7\u00e3o imediata da pol\u00edcia. Escreve a publica\u00e7\u00e3o que, ao ser abordado, o suspeito mostrou sinais de nervosismo e n\u00e3o conseguiu sustentar a representa\u00e7\u00e3o.<\/p>\n<p>As autoridades deslocaram-se de seguida \u00e0 resid\u00eancia do enfermeiro. Foi nesse local, numa divis\u00e3o subterr\u00e2nea, que revelaram a dimens\u00e3o do caso. O corpo da m\u00e3e, identificada como Graziella Dall\u2019Oglio, permanecia mumificado, guardado num por\u00e3o e aparentemente preservado atrav\u00e9s de conhecimentos t\u00e9cnicos ligados \u00e0 profiss\u00e3o do filho.<\/p>\n<p class=\"has-medium-font-size\"><strong>Tr\u00eas anos de pagamentos mensais<\/strong><\/p>\n<p>Refere a mesma fonte que, durante esse per\u00edodo, o homem recebeu regularmente a pens\u00e3o, cujo valor n\u00e3o foi divulgado. Sem qualquer registo de \u00f3bito ou comunica\u00e7\u00e3o oficial \u00e0 seguran\u00e7a social italiana, os montantes continuaram a ser depositados na sua conta m\u00eas ap\u00f3s m\u00eas. A pr\u00e1tica de conserva\u00e7\u00e3o do cad\u00e1ver evitou cheiros ou suspeitas entre vizinhos, permitindo que o engano se prolongasse no tempo.<\/p>\n<p>A estrat\u00e9gia falhou quando se tornou necess\u00e1ria a renova\u00e7\u00e3o do documento de identifica\u00e7\u00e3o da m\u00e3e. O disfarce, que inicialmente visava apenas prolongar o acesso \u00e0 pens\u00e3o, tornou-se o elemento que levou \u00e0 sua deten\u00e7\u00e3o. Depois de v\u00e1rias tentativas de sustentar a encena\u00e7\u00e3o, a pol\u00edcia confirmou que a idosa estava morta h\u00e1 pelo menos tr\u00eas anos e que nunca tinha sido declarada.<\/p>\n<p class=\"has-medium-font-size\"><strong>Quatro crimes e um desfecho anunciado<\/strong><\/p>\n<p>O <a href=\"https:\/\/www.corriere.it\/\" target=\"_blank\" rel=\"noreferrer noopener nofollow\">Corriere della Sera<\/a> indica ainda que o suspeito foi acusado dos crimes de oculta\u00e7\u00e3o de cad\u00e1ver, roubo de identidade, fraude contra a seguran\u00e7a social e falsifica\u00e7\u00e3o de documentos. O homem aguarda agora julgamento e o caso continua a ser analisado pelas autoridades italianas, que procuram determinar com precis\u00e3o o per\u00edodo em que os pagamentos foram recebidos e o total desviado.<\/p>\n<p>A investiga\u00e7\u00e3o decorre, mas o epis\u00f3dio tornou-se exemplo de como um esquema prolongado pode terminar num detalhe, e como uma tentativa de renova\u00e7\u00e3o documental levou \u00e0 descoberta de uma situa\u00e7\u00e3o que permaneceu oculta durante anos.<\/p>\n<p><strong>Leia tamb\u00e9m: <a href=\"https:\/\/postal.pt\/nacional\/bom-tempo-em-portugal-tem-os-dias-contados-vem-ai-chuva-a-potes-a-partir-destas-datas-e-estao-serao-as-regioes-afetadas\/\" rel=\"nofollow noopener\" target=\"_blank\">Vem a\u00ed chuva \u2018a potes\u2019: bom tempo em Portugal tem os \u2018dias contados\u2019 a partir desta data e estas ser\u00e3o as regi\u00f5es afetadas<\/a><\/strong><\/p>\n","protected":false},"excerpt":{"rendered":"Um enfermeiro italiano de 57 anos conseguiu receber durante tr\u00eas anos a pens\u00e3o da m\u00e3e j\u00e1 falecida, mantendo&hellip;\n","protected":false},"author":2,"featured_media":166447,"comment_status":"","ping_status":"","sticky":false,"template":"","format":"standard","meta":{"footnotes":""},"categories":[50],"tags":[27,28,15,16,14,25,26,21,22,62,12,13,19,20,23,24,17,18,29,30,31,63,64,65],"class_list":{"0":"post-166446","1":"post","2":"type-post","3":"status-publish","4":"format-standard","5":"has-post-thumbnail","7":"category-mundo","8":"tag-breaking-news","9":"tag-breakingnews","10":"tag-featured-news","11":"tag-featurednews","12":"tag-headlines","13":"tag-latest-news","14":"tag-latestnews","15":"tag-main-news","16":"tag-mainnews","17":"tag-mundo","18":"tag-news","19":"tag-noticias","20":"tag-noticias-principais","21":"tag-noticiasprincipais","22":"tag-principais-noticias","23":"tag-principaisnoticias","24":"tag-top-stories","25":"tag-topstories","26":"tag-ultimas","27":"tag-ultimas-noticias","28":"tag-ultimasnoticias","29":"tag-world","30":"tag-world-news","31":"tag-worldnews"},"share_on_mastodon":{"url":"https:\/\/pubeurope.com\/@pt\/115618661201287138","error":""},"_links":{"self":[{"href":"https:\/\/www.europesays.com\/pt\/wp-json\/wp\/v2\/posts\/166446","targetHints":{"allow":["GET"]}}],"collection":[{"href":"https:\/\/www.europesays.com\/pt\/wp-json\/wp\/v2\/posts"}],"about":[{"href":"https:\/\/www.europesays.com\/pt\/wp-json\/wp\/v2\/types\/post"}],"author":[{"embeddable":true,"href":"https:\/\/www.europesays.com\/pt\/wp-json\/wp\/v2\/users\/2"}],"replies":[{"embeddable":true,"href":"https:\/\/www.europesays.com\/pt\/wp-json\/wp\/v2\/comments?post=166446"}],"version-history":[{"count":0,"href":"https:\/\/www.europesays.com\/pt\/wp-json\/wp\/v2\/posts\/166446\/revisions"}],"wp:featuredmedia":[{"embeddable":true,"href":"https:\/\/www.europesays.com\/pt\/wp-json\/wp\/v2\/media\/166447"}],"wp:attachment":[{"href":"https:\/\/www.europesays.com\/pt\/wp-json\/wp\/v2\/media?parent=166446"}],"wp:term":[{"taxonomy":"category","embeddable":true,"href":"https:\/\/www.europesays.com\/pt\/wp-json\/wp\/v2\/categories?post=166446"},{"taxonomy":"post_tag","embeddable":true,"href":"https:\/\/www.europesays.com\/pt\/wp-json\/wp\/v2\/tags?post=166446"}],"curies":[{"name":"wp","href":"https:\/\/api.w.org\/{rel}","templated":true}]}}