{"id":166450,"date":"2025-11-26T23:51:09","date_gmt":"2025-11-26T23:51:09","guid":{"rendered":"https:\/\/www.europesays.com\/pt\/166450\/"},"modified":"2025-11-26T23:51:09","modified_gmt":"2025-11-26T23:51:09","slug":"assista-a-integra-da-3a-edicao-do-jr-24-horas-desta-quarta-26-noticias-r7","status":"publish","type":"post","link":"https:\/\/www.europesays.com\/pt\/166450\/","title":{"rendered":"Assista \u00e0 \u00edntegra da 3\u00aa edi\u00e7\u00e3o do JR 24 Horas desta quarta (26) \u2013 Noticias R7"},"content":{"rendered":"<p class=\"jarvics:base-text-neutral-high-400 base-text-[calc(theme(fontSize.xs)_*_var(--font-size,_1))] base-font-normal base-font-primary base-text-neutral-low-500 base-text-left\">Confira nesta edi\u00e7\u00e3o do JR 24 Horas: A Anvisa aprovou a vacina contra a dengue produzida pelo Instituto Butantan. \u00c9 o primeiro imunizante do tipo em dose \u00fanica do mundo. A vacina protege contra os quatro tipos de v\u00edrus da dengue e ser\u00e1 destinada \u00e0 popula\u00e7\u00e3o de 12 a 59 anos de idade. E ainda: Presidente Lula sanciona lei que isenta IR para quem ganha at\u00e9 R$ 5 mil por m\u00eas.<\/p>\n<p><b>O PlayPlus agora \u00e9 RecordPlus: mais conte\u00fado da RECORD para voc\u00ea, ao vivo e de gra\u00e7a. Baixe o app <b><a href=\"https:\/\/descubra.recordplus.com\/\" rel=\"nofollow noopener\" target=\"_blank\">aqui!<\/a><\/b><\/b><\/p>\n","protected":false},"excerpt":{"rendered":"Confira nesta edi\u00e7\u00e3o do JR 24 Horas: A Anvisa aprovou a vacina contra a dengue produzida pelo Instituto&hellip;\n","protected":false},"author":2,"featured_media":166451,"comment_status":"","ping_status":"","sticky":false,"template":"","format":"standard","meta":{"footnotes":""},"categories":[142],"tags":[627,114,115,625,32,33,7343,151],"class_list":{"0":"post-166450","1":"post","2":"type-post","3":"status-publish","4":"format-standard","5":"has-post-thumbnail","7":"category-tv","8":"tag-bombeiros","9":"tag-entertainment","10":"tag-entretenimento","11":"tag-incendio","12":"tag-portugal","13":"tag-pt","14":"tag-tragedia","15":"tag-tv"},"share_on_mastodon":{"url":"https:\/\/pubeurope.com\/@pt\/115618688723100334","error":""},"_links":{"self":[{"href":"https:\/\/www.europesays.com\/pt\/wp-json\/wp\/v2\/posts\/166450","targetHints":{"allow":["GET"]}}],"collection":[{"href":"https:\/\/www.europesays.com\/pt\/wp-json\/wp\/v2\/posts"}],"about":[{"href":"https:\/\/www.europesays.com\/pt\/wp-json\/wp\/v2\/types\/post"}],"author":[{"embeddable":true,"href":"https:\/\/www.europesays.com\/pt\/wp-json\/wp\/v2\/users\/2"}],"replies":[{"embeddable":true,"href":"https:\/\/www.europesays.com\/pt\/wp-json\/wp\/v2\/comments?post=166450"}],"version-history":[{"count":0,"href":"https:\/\/www.europesays.com\/pt\/wp-json\/wp\/v2\/posts\/166450\/revisions"}],"wp:featuredmedia":[{"embeddable":true,"href":"https:\/\/www.europesays.com\/pt\/wp-json\/wp\/v2\/media\/166451"}],"wp:attachment":[{"href":"https:\/\/www.europesays.com\/pt\/wp-json\/wp\/v2\/media?parent=166450"}],"wp:term":[{"taxonomy":"category","embeddable":true,"href":"https:\/\/www.europesays.com\/pt\/wp-json\/wp\/v2\/categories?post=166450"},{"taxonomy":"post_tag","embeddable":true,"href":"https:\/\/www.europesays.com\/pt\/wp-json\/wp\/v2\/tags?post=166450"}],"curies":[{"name":"wp","href":"https:\/\/api.w.org\/{rel}","templated":true}]}}