{"id":166475,"date":"2025-11-27T00:18:13","date_gmt":"2025-11-27T00:18:13","guid":{"rendered":"https:\/\/www.europesays.com\/pt\/166475\/"},"modified":"2025-11-27T00:18:13","modified_gmt":"2025-11-27T00:18:13","slug":"satelite-europeu-sentinel-1d-ja-comecou-a-observar-a-terra-e-as-primeiras-imagens-sao-impressionantes","status":"publish","type":"post","link":"https:\/\/www.europesays.com\/pt\/166475\/","title":{"rendered":"Sat\u00e9lite europeu Sentinel-1D j\u00e1 come\u00e7ou a observar a Terra e as primeiras imagens s\u00e3o impressionantes"},"content":{"rendered":"<p>No in\u00edcio de novembro, o <a href=\"https:\/\/sapo.pt\/artigo\/constelacao-sentinel-1-ganhou-mais-um-satelite-porque-e-que-isso-e-importante-para-a-europa-690cbec1d39b507226d40097\" rel=\"nofollow noopener\" target=\"_blank\">sat\u00e9lite Sentinel-1D<\/a> partiu rumo ao Espa\u00e7o, depois de ter apanhado \u201cboleia\u201d do foguet\u00e3o Ariane 6. <strong>As primeiras imagens do sat\u00e9lite, que integra a constela\u00e7\u00e3o Sentinel-1 do Copernicus, j\u00e1 chegaram \u00e0 Terra e mostram um conjunto de vis\u00f5es impressionantes: dos glaciares na Ant\u00e1rtida \u00e0 ponta do continente sul-americano.\u00a0<\/strong><\/p>\n<p><b>N\u00e3o perca nenhuma not\u00edcia importante da atualidade de tecnologia e\u00a0<\/b><a href=\"https:\/\/sapo.pt\/artigo\/frigorificos-e-maquinas-de-lavar-e-secar-chamam-se-mijia-e-sao-os-novos-eletrodomesticos-da-xiaomi-em-portugal-6927150e237585e9bf4daaaa\" rel=\"nofollow noopener\" target=\"_blank\"><b>acompanhe tudo em tek.sapo.pt<\/b><\/a><\/p>\n<p>Entre elas contam-se tamb\u00e9m imagens da cidade de Bremen, na Alemanha, vista do Espa\u00e7o, local onde est\u00e1 a decorrer o <a href=\"https:\/\/sapo.pt\/artigo\/22-mil-milhoes-para-o-futuro-no-espaco-europa-debate-orcamento-ate-2030-com-olhos-postos-na-defesa-6926a740d8273a6cb02c954d\" rel=\"nofollow noopener\" target=\"_blank\">Conselho Ministerial da Ag\u00eancia Espacial Europeia<\/a> (ESA).<\/p>\n<p>Em comunicado, a ESA explica que, pouco tempo depois de encontrar a sua \u00f3rbita, o Sentinel-1D \u201cacordou\u201d e os seus instrumentos foram ativados. <strong>A partir do dia 6 de novembro, o sat\u00e9lite conseguiu captar as suas primeiras imagens, numa passagem pela Am\u00e9rica do Sul e Ant\u00e1rtida.<\/strong><\/p>\n<p>Clique nas imagens para ver com mais detalhe<\/p>\n<p>Nuno Miranda, gestor da miss\u00e3o Sentinel-1 na ESA, real\u00e7a, <strong>para uma primeira capta\u00e7\u00e3o, as imagens apresentam uma qualidade de dados \u201csem precedentes\u201d<\/strong>, sendo muito semelhantes \u00e0s que foram registadas atrav\u00e9s do sat\u00e9lite Sentinel-1C, o que j\u00e1 \u00e9 muito promissor.<\/p>\n<p><strong>Os instrumentos de radar, como aquele que o Sentinel 1-D usa, s\u00e3o capazes de observar a superf\u00edcie terrestre mesmo com nuvens, chuva ou pouca luz solar<\/strong>, o que os torna particularmente \u00fateis para monitorizar as regi\u00f5es polares, detalha a ESA.<\/p>\n<p>Tal como o Sentinel-1C, o mais recente sat\u00e9lite da constela\u00e7\u00e3o est\u00e1 <strong>equipado com um sistema de identifica\u00e7\u00e3o autom\u00e1tica (AIS, na sigla em ingl\u00eas), que melhora a capacidade da miss\u00e3o para detetar embarca\u00e7\u00f5es e polui\u00e7\u00e3o marinha.<\/strong><\/p>\n<p>Como aponta a ag\u00eancia espacial, a publica\u00e7\u00e3o das imagens tamb\u00e9m coincide com a COP30, que decorreu entre os dias 10 e 21 de novembro, onde estiveram em discuss\u00e3o as consequ\u00eancias das altera\u00e7\u00f5es clim\u00e1ticas, assim como que medidas devem ser tomadas.<\/p>\n<p>Segundo o relat\u00f3rio \u201cState of the Climate Update for COP30\u201d, divulgado pela Organiza\u00e7\u00e3o Meteorol\u00f3gica Mundial, <strong>entre outubro de 2023 e setembro de 2024, os glaciares registaram a maior perda de gelo desde 1950, equivalente a um aumento de 1,2 mm no n\u00edvel m\u00e9dio global do mar.<\/strong><\/p>\n<p>O mesmo relat\u00f3rio aponta que, <strong>em fevereiro deste ano, a extens\u00e3o do gelo marinho na Ant\u00e1rtida atingiu o terceiro valor mais baixo desde que come\u00e7ou a ser registado por sat\u00e9lite em 1978.<\/strong><\/p>\n<p>Assine a\u00a0<a href=\"https:\/\/teknoticias.us15.list-manage.com\/subscribe?u=9a06a5af5e9150806abc02bae&amp;id=ef9b27090d\" target=\"_blank\" id=\"s-a-embed-69271\" rel=\"noreferrer noopener nofollow\" data-stringify-link=\"https:\/\/teknoticias.us15.list-manage.com\/subscribe?u=9a06a5af5e9150806abc02bae&amp;id=ef9b27090d\" data-sk=\"tooltip_parent\">newsletter do TEK Not\u00edcias<\/a>\u00a0e receba todos os dias as principais not\u00edcias de tecnologia na sua caixa de correio.<\/p>\n","protected":false},"excerpt":{"rendered":"No in\u00edcio de novembro, o sat\u00e9lite Sentinel-1D partiu rumo ao Espa\u00e7o, depois de ter apanhado \u201cboleia\u201d do foguet\u00e3o&hellip;\n","protected":false},"author":2,"featured_media":166476,"comment_status":"","ping_status":"","sticky":false,"template":"","format":"standard","meta":{"footnotes":""},"categories":[50],"tags":[27,28,15,16,14,25,26,21,22,62,12,13,19,20,23,24,17,18,29,30,31,63,64,65],"class_list":{"0":"post-166475","1":"post","2":"type-post","3":"status-publish","4":"format-standard","5":"has-post-thumbnail","7":"category-mundo","8":"tag-breaking-news","9":"tag-breakingnews","10":"tag-featured-news","11":"tag-featurednews","12":"tag-headlines","13":"tag-latest-news","14":"tag-latestnews","15":"tag-main-news","16":"tag-mainnews","17":"tag-mundo","18":"tag-news","19":"tag-noticias","20":"tag-noticias-principais","21":"tag-noticiasprincipais","22":"tag-principais-noticias","23":"tag-principaisnoticias","24":"tag-top-stories","25":"tag-topstories","26":"tag-ultimas","27":"tag-ultimas-noticias","28":"tag-ultimasnoticias","29":"tag-world","30":"tag-world-news","31":"tag-worldnews"},"share_on_mastodon":{"url":"https:\/\/pubeurope.com\/@pt\/115618795410126041","error":""},"_links":{"self":[{"href":"https:\/\/www.europesays.com\/pt\/wp-json\/wp\/v2\/posts\/166475","targetHints":{"allow":["GET"]}}],"collection":[{"href":"https:\/\/www.europesays.com\/pt\/wp-json\/wp\/v2\/posts"}],"about":[{"href":"https:\/\/www.europesays.com\/pt\/wp-json\/wp\/v2\/types\/post"}],"author":[{"embeddable":true,"href":"https:\/\/www.europesays.com\/pt\/wp-json\/wp\/v2\/users\/2"}],"replies":[{"embeddable":true,"href":"https:\/\/www.europesays.com\/pt\/wp-json\/wp\/v2\/comments?post=166475"}],"version-history":[{"count":0,"href":"https:\/\/www.europesays.com\/pt\/wp-json\/wp\/v2\/posts\/166475\/revisions"}],"wp:featuredmedia":[{"embeddable":true,"href":"https:\/\/www.europesays.com\/pt\/wp-json\/wp\/v2\/media\/166476"}],"wp:attachment":[{"href":"https:\/\/www.europesays.com\/pt\/wp-json\/wp\/v2\/media?parent=166475"}],"wp:term":[{"taxonomy":"category","embeddable":true,"href":"https:\/\/www.europesays.com\/pt\/wp-json\/wp\/v2\/categories?post=166475"},{"taxonomy":"post_tag","embeddable":true,"href":"https:\/\/www.europesays.com\/pt\/wp-json\/wp\/v2\/tags?post=166475"}],"curies":[{"name":"wp","href":"https:\/\/api.w.org\/{rel}","templated":true}]}}