{"id":166477,"date":"2025-11-27T00:21:10","date_gmt":"2025-11-27T00:21:10","guid":{"rendered":"https:\/\/www.europesays.com\/pt\/166477\/"},"modified":"2025-11-27T00:21:10","modified_gmt":"2025-11-27T00:21:10","slug":"elton-john-ja-nao-consegue-ver-do-olho-direito-mas-mantem-a-esperanca","status":"publish","type":"post","link":"https:\/\/www.europesays.com\/pt\/166477\/","title":{"rendered":"Elton John j\u00e1 n\u00e3o consegue ver do olho direito mas mant\u00e9m a esperan\u00e7a"},"content":{"rendered":"<p>Elton John tem vindo a enfrentar s\u00e9rios desafios no que diz respeito \u00e0 sua sa\u00fade, tendo perdido a vis\u00e3o do olho direito no ano passado.\u00a0<\/p>\n<p>Numa nova entrevista que foi publicada na ter\u00e7a-feira, dia 25 de novembro, na Variety, o cantor falou abertamente sobre como tem sido viver &#8211; especialmente no mundo da m\u00fasica &#8211; depois de ter perdido a vis\u00e3o no olho direito.\u00a0<\/p>\n<p>&#8220;Tem sido devastador&#8221;, confessou o artista, de 78 anos, durante a referida entrevista. &#8220;Como perdi a vis\u00e3o do olho direito e o meu olho esquerdo n\u00e3o est\u00e1 a ver muito bem, os \u00faltimos 15 meses t\u00eam sido dif\u00edceis, porque n\u00e3o consigo ver nada, assistir a nada, ler nada&#8221;, partilhou de seguida.\u00a0<\/p>\n<p>De recordar que durante as f\u00e9rias em Fran\u00e7a, no ver\u00e3o do ano passado, Elton John contraiu uma infe\u00e7\u00e3o ocular que afetou ambos os olhos.\u00a0<\/p>\n<p>Na altura, o cantor emitiu um comunicado onde referiu: &#8220;Durante o ver\u00e3o, tenho lidado com uma infe\u00e7\u00e3o severa que, infelizmente, me deixou com a vis\u00e3o limitada num olho. Estou a recuperar, mas \u00e9 um processo extremamente lento e demorar\u00e1 algum tempo at\u00e9 a vis\u00e3o do olho impactado voltar&#8221;.&#8221;<\/p>\n<p>&#8220;Tenho passado o ver\u00e3o tranquilamente a recuperar em casa e, at\u00e9 agora, sinto-me positivo sobre o progresso que tenho feito para me curar e recuperar&#8221;, acrescentou na mesma nota publicada na altura no Instagram.<\/p>\n<p>                                                    <img decoding=\"async\" src=\"https:\/\/www.europesays.com\/pt\/wp-content\/uploads\/2025\/11\/naom_5f60d779a68e8.jpg\" border=\"0\" alt=\"Elton John luta contra infe\u00e7\u00e3o no olho que lhe limita a vis\u00e3o\"\/><\/p>\n<p>O cantor anunciou atrav\u00e9s da sua conta de Instagram que ainda se encontra em recupera\u00e7\u00e3o, e que esta demorar\u00e1 algum tempo.<\/p>\n<p>                                                     Not\u00edcias ao Minuto | 07:31 &#8211; 04\/09\/2024 <\/p>\n<p>Mas apesar das dificuldades, o artista mant\u00e9m-se otimista. &#8220;Tive uma vida incr\u00edvel e ainda h\u00e1 esperan\u00e7a&#8221;, afirmou. &#8220;S\u00f3 preciso de ter paci\u00eancia e esperar que um dia a ci\u00eancia me ajude com isto. Quando me ajudarem com isto, tudo ficar\u00e1 bem&#8221;, acrescentou.<\/p>\n<p>&#8220;N\u00e3o devemos perder a esperan\u00e7a. Temos que ser fortes e devemos sempre tentar arrombar a porta para tentar melhorar as coisas&#8221;, disse ainda.\u00a0<\/p>\n<p>E o apoio da fam\u00edlia tamb\u00e9m \u00e9 fundamental, como o pr\u00f3prio fez quest\u00e3o de referir. De lembrar que Elton John est\u00e1 casado com David Furnish e tem dois filhos, Zachary, de 14 anos, e Elijah, de 12.\u00a0<\/p>\n<p>&#8220;Quer dizer, s\u00f3 tens que te aguentar firme. \u00c0s vezes isto deixa-me mais em baixo. Mas, no geral, tenho uma fam\u00edlia maravilhosa, tenho dois filhos \u00f3timos e tenho-o a ele&#8221;, destacou, referindo-se, por fim, ao marido. Mas tamb\u00e9m n\u00e3o deixa de lado o apoio dos amigos.<\/p>\n<p>&#8220;O Paul McCartney liga-me por FaceTime para saber como \u00e9 que eu estou. \u00c9 mesmo bonito isso\u201d, continuou. &#8220;O carinho que recebi dele, do Pete Townshend, do Mick Jagger e de outras pessoas como eles tem sido incr\u00edvel. Ou ent\u00e3o recebo um e-mail do Keith Richards a dizer: \u00abOl\u00e1, querido, como \u00e9 que est\u00e1s? Sabes que n\u00f3s amamos-te\u00bb, e s\u00f3 isso, mas j\u00e1 alegra o meu dia&#8221;, partilhou.\u00a0<\/p>\n<p>&#8220;N\u00e3o consigo ver os meus filhos a jogar futebol e r\u00e2guebi&#8221;<\/p>\n<p>De lembrar tamb\u00e9m que no passado m\u00eas de abril, em conversa com o jornal brit\u00e2nico The Times, Elton John j\u00e1 tinha falado sobre a perda de vis\u00e3o e lamentou: &#8220;N\u00e3o consigo ler. N\u00e3o consigo ver os meus filhos a jogar r\u00e2guebi e futebol, e tem sido um per\u00edodo muito stressante, porque estou habituado a aproveitar tudo. \u00c9 angustiante.&#8221;<\/p>\n<p>&#8220;Ficamos emocionados, mas temos que nos habituar, porque tenho a sorte de ter a vida que tenho&#8221;, acrescentou na \u00e9poca, tendo refor\u00e7ado que &#8220;ainda tem a sua minha fam\u00edlia maravilhosa&#8221; e que ainda tem tamb\u00e9m esperan\u00e7as de &#8220;um futuro melhor&#8221;.<\/p>\n<p>Leia Tamb\u00e9m: <a href=\"https:\/\/www.noticiasaominuto.com\/fama\/2894302\/eu-estive-do-lado-de-la-o-que-me-aconteceu-foi-um-milagre\" target=\"_blank\" rel=\"noopener noreferrer nofollow\">&#8220;Eu estive do lado de l\u00e1. O que me aconteceu foi um milagre&#8221;<\/a><\/p>\n","protected":false},"excerpt":{"rendered":"Elton John tem vindo a enfrentar s\u00e9rios desafios no que diz respeito \u00e0 sua sa\u00fade, tendo perdido a&hellip;\n","protected":false},"author":2,"featured_media":166478,"comment_status":"","ping_status":"","sticky":false,"template":"","format":"standard","meta":{"footnotes":""},"categories":[145],"tags":[211,210,114,115,32,33],"class_list":{"0":"post-166477","1":"post","2":"type-post","3":"status-publish","4":"format-standard","5":"has-post-thumbnail","7":"category-celebridades","8":"tag-celebridades","9":"tag-celebrities","10":"tag-entertainment","11":"tag-entretenimento","12":"tag-portugal","13":"tag-pt"},"share_on_mastodon":{"url":"https:\/\/pubeurope.com\/@pt\/115618807039908316","error":""},"_links":{"self":[{"href":"https:\/\/www.europesays.com\/pt\/wp-json\/wp\/v2\/posts\/166477","targetHints":{"allow":["GET"]}}],"collection":[{"href":"https:\/\/www.europesays.com\/pt\/wp-json\/wp\/v2\/posts"}],"about":[{"href":"https:\/\/www.europesays.com\/pt\/wp-json\/wp\/v2\/types\/post"}],"author":[{"embeddable":true,"href":"https:\/\/www.europesays.com\/pt\/wp-json\/wp\/v2\/users\/2"}],"replies":[{"embeddable":true,"href":"https:\/\/www.europesays.com\/pt\/wp-json\/wp\/v2\/comments?post=166477"}],"version-history":[{"count":0,"href":"https:\/\/www.europesays.com\/pt\/wp-json\/wp\/v2\/posts\/166477\/revisions"}],"wp:featuredmedia":[{"embeddable":true,"href":"https:\/\/www.europesays.com\/pt\/wp-json\/wp\/v2\/media\/166478"}],"wp:attachment":[{"href":"https:\/\/www.europesays.com\/pt\/wp-json\/wp\/v2\/media?parent=166477"}],"wp:term":[{"taxonomy":"category","embeddable":true,"href":"https:\/\/www.europesays.com\/pt\/wp-json\/wp\/v2\/categories?post=166477"},{"taxonomy":"post_tag","embeddable":true,"href":"https:\/\/www.europesays.com\/pt\/wp-json\/wp\/v2\/tags?post=166477"}],"curies":[{"name":"wp","href":"https:\/\/api.w.org\/{rel}","templated":true}]}}