{"id":166488,"date":"2025-11-27T00:32:15","date_gmt":"2025-11-27T00:32:15","guid":{"rendered":"https:\/\/www.europesays.com\/pt\/166488\/"},"modified":"2025-11-27T00:32:15","modified_gmt":"2025-11-27T00:32:15","slug":"vem-ai-um-ano-com-quatro-fins-de-semana-prolongados-eis-os-feriados-e-pontes-para-2026","status":"publish","type":"post","link":"https:\/\/www.europesays.com\/pt\/166488\/","title":{"rendered":"Vem a\u00ed um ano com quatro fins de semana prolongados. Eis os feriados e pontes para 2026"},"content":{"rendered":"<p>J\u00e1 pode come\u00e7ar a programar as suas f\u00e9rias ou \u2018escapadinhas\u2019 para o pr\u00f3ximo ano. Em 2026 vai haver quatro fins de semana prolongados e cinco poss\u00edveis pontes. Por outro lado, h\u00e1 quatro feriados que calham ao fim de semana (contando com a P\u00e1scoa, que \u00e9 sempre ao domingo).<\/p>\n<p>&#13;<br \/>\n&#13;<br \/>\n&#13;<\/p>\n<p><img loading=\"lazy\" data-dominant-color=\"f3f5f4\" data-has-transparency=\"false\" style=\"--dominant-color: #f3f5f4;\" decoding=\"async\" width=\"642\" height=\"1024\" alt=\"Vem a\u00ed um ano com quatro fins de semana prolongados. Eis os feriados e pontes para 2026\" class=\"wp-image-626455 not-transparent perfmatters-lazy\" title=\"Vem a\u00ed um ano com quatro fins de semana prolongados. Eis os feriados e pontes para 2026 6\" src=\"https:\/\/www.europesays.com\/pt\/wp-content\/uploads\/2025\/11\/calendario-2026.jpg\"  data-\/>Fonte: Calendarr<\/p>\n<p>Os fins de semana prolongados ser\u00e3o o da P\u00e1scoa (a Sexta-feira Santa \u00e9 a 03 de abril, mas no Minho h\u00e1 a tradi\u00e7\u00e3o de fazer o feriado na Segunda-feira Santa); o do Dia do Trabalhador (01 de maio), que ser\u00e1 numa sexta-feira; o 05 de Outubro (Implanta\u00e7\u00e3o da Rep\u00fablica), que calha a uma segunda-feira; e o Natal (25 de dezembro), que ser\u00e1 numa sexta-feira.<\/p>\n<p>Em rela\u00e7\u00e3o a aproveitar as pontes, come\u00e7a logo no primeiro dia do ano, que calha a uma quinta-feira. Depois, ser\u00e1 poss\u00edvel fazer ponte no Carnaval, que \u00e9 na ter\u00e7a-feira, 17 de fevereiro (recorde-se, que \u00e9 um feriado facultativo).<\/p>\n<p>O Corpo de Deus, este ano, celebra-se a 04 de junho, quinta-feira, dando, assim, para \u2018meter\u2019 a sexta-feira de f\u00e9rias.<\/p>\n<p>J\u00e1 os feriados de 01 e 08 de dezembro calham em ter\u00e7as-feiras, pelo que, se ainda tiver dias de f\u00e9rias para gozar, pode aproveitar as duas segundas-feiras para fazer um fim de semana quatro dias.<\/p>\n<p>Os feriados que v\u00e3o calhar ao fim de semana s\u00e3o, claro, a P\u00e1scoa (05 de abril, domingo); o 25 de Abril (s\u00e1bado), o dia da  Assun\u00e7\u00e3o de Nossa Senhora (15 de agosto, s\u00e1bado) e o Dia de Todos os Santos (01 de novembro, domingo).<\/p>\n<p><img loading=\"lazy\" data-dominant-color=\"eff0ee\" data-has-transparency=\"false\" style=\"--dominant-color: #eff0ee;\" decoding=\"async\" width=\"1024\" height=\"679\" alt=\"Vem a\u00ed um ano com quatro fins de semana prolongados. Eis os feriados e pontes para 2026\" class=\"wp-image-626454 not-transparent perfmatters-lazy\" title=\"Vem a\u00ed um ano com quatro fins de semana prolongados. Eis os feriados e pontes para 2026 7\" src=\"https:\/\/www.europesays.com\/pt\/wp-content\/uploads\/2025\/11\/Calendario-2026-para-Imprimir-Calendarr_page-0002.jpg\"  data-\/>Fonte: Calendarr<\/p>\n<p>Em rela\u00e7\u00e3o a feriados municipais, em Braga e Guimar\u00e3es o 24 de junho calha a meio da semana, numa quarta-feira; em Famalic\u00e3o, o 13 de junho \u00e9 num s\u00e1bado; em Barcelos, o 03 de maio \u00e9 num domingo; em Viana do Castelo, o 20 de agosto calha a uma quinta-feira, permitindo, assim, uma eventual \u2018ponte\u2019 a quem n\u00e3o esteja j\u00e1 de f\u00e9rias nesta altura estival.<\/p>\n<p>Lista de feriados em 2026<\/p>\n<ul class=\"wp-block-list\">\n<li>O <strong>Ano Novo <\/strong>\u00e9 celebrado numa quinta-feira, abrindo porta \u00e0 primeira ponte do ano. <\/li>\n<li>O segundo feriado (este n\u00e3o obrigat\u00f3rio) do ano \u00e9 o <strong>Carnaval<\/strong>, em 17 de fevereiro. Tamb\u00e9m para d\u00e1 para uma ponte, gastando um dia de f\u00e9rias na segunda-feira.<\/li>\n<li>A <strong>Sexta-feira Santa <\/strong>calha em 03 de abril, seguida do domingo de <strong>P\u00e1scoa<\/strong>, no dia 05. <\/li>\n<li>O <strong>25 de Abril<\/strong> calha num s\u00e1bado. <\/li>\n<li>O <strong>Dia do Trabalhador<\/strong>, 01 de Maio, \u00e9 na sexta-feira, permitindo uma folga prolongada.<\/li>\n<li>O <strong>Corpo de Deus<\/strong>, como sempre, \u00e9 celebrado na uma quinta-feira (04 de junho), permitindo mais uma eventual ponte. <\/li>\n<li>O <strong>Dia de Portugal, de Cam\u00f5es e das Comunidades Portuguesas, 10 de Junho<\/strong>, calha a meio da semana, numa quarta-feira. <\/li>\n<li> Em agosto, o \u00fanico feriado nacional \u00e9 o dia 15, quando se celebra a <strong>Assun\u00e7\u00e3o de Nossa Senhora<\/strong>. Calha a um s\u00e1bado. <\/li>\n<li>Em outubro h\u00e1 mais um fim de semana prolongado com o <strong>05 de Outubro (Implanta\u00e7\u00e3o da Rep\u00fablica) <\/strong>a calhar numa segunda-feira.<\/li>\n<li>Em novembro, o <strong>Dia de Todos os Santos (01 de novembro)<\/strong> vai calhar a um domingo.<\/li>\n<li>Em dezembro, os feriados da <strong>Restaura\u00e7\u00e3o da Independ\u00eancia e da Imaculada Concei\u00e7\u00e3o, respetivamente 01 e 08 de dezembro<\/strong>, calham numa ter\u00e7a-feira, o que pode dar para fazer mais duas pontes. <\/li>\n<li>Por fim, o <strong>Natal <\/strong>\u00e9 numa sexta-feira e, portanto, \u00e9 mais uma fim de semana prolongado para acabar o ano. E 2027 vai come\u00e7ar da mesma forma, uma vez que o dia 01 tamb\u00e9m vai calhar numa sexta-feira.<\/li>\n<\/ul>\n","protected":false},"excerpt":{"rendered":"J\u00e1 pode come\u00e7ar a programar as suas f\u00e9rias ou \u2018escapadinhas\u2019 para o pr\u00f3ximo ano. Em 2026 vai haver&hellip;\n","protected":false},"author":2,"featured_media":166489,"comment_status":"","ping_status":"","sticky":false,"template":"","format":"standard","meta":{"footnotes":""},"categories":[50],"tags":[27,28,15,16,14,25,26,21,22,62,12,13,19,20,23,24,17,18,29,30,31,63,64,65],"class_list":{"0":"post-166488","1":"post","2":"type-post","3":"status-publish","4":"format-standard","5":"has-post-thumbnail","7":"category-mundo","8":"tag-breaking-news","9":"tag-breakingnews","10":"tag-featured-news","11":"tag-featurednews","12":"tag-headlines","13":"tag-latest-news","14":"tag-latestnews","15":"tag-main-news","16":"tag-mainnews","17":"tag-mundo","18":"tag-news","19":"tag-noticias","20":"tag-noticias-principais","21":"tag-noticiasprincipais","22":"tag-principais-noticias","23":"tag-principaisnoticias","24":"tag-top-stories","25":"tag-topstories","26":"tag-ultimas","27":"tag-ultimas-noticias","28":"tag-ultimasnoticias","29":"tag-world","30":"tag-world-news","31":"tag-worldnews"},"share_on_mastodon":{"url":"https:\/\/pubeurope.com\/@pt\/115618850397365398","error":""},"_links":{"self":[{"href":"https:\/\/www.europesays.com\/pt\/wp-json\/wp\/v2\/posts\/166488","targetHints":{"allow":["GET"]}}],"collection":[{"href":"https:\/\/www.europesays.com\/pt\/wp-json\/wp\/v2\/posts"}],"about":[{"href":"https:\/\/www.europesays.com\/pt\/wp-json\/wp\/v2\/types\/post"}],"author":[{"embeddable":true,"href":"https:\/\/www.europesays.com\/pt\/wp-json\/wp\/v2\/users\/2"}],"replies":[{"embeddable":true,"href":"https:\/\/www.europesays.com\/pt\/wp-json\/wp\/v2\/comments?post=166488"}],"version-history":[{"count":0,"href":"https:\/\/www.europesays.com\/pt\/wp-json\/wp\/v2\/posts\/166488\/revisions"}],"wp:featuredmedia":[{"embeddable":true,"href":"https:\/\/www.europesays.com\/pt\/wp-json\/wp\/v2\/media\/166489"}],"wp:attachment":[{"href":"https:\/\/www.europesays.com\/pt\/wp-json\/wp\/v2\/media?parent=166488"}],"wp:term":[{"taxonomy":"category","embeddable":true,"href":"https:\/\/www.europesays.com\/pt\/wp-json\/wp\/v2\/categories?post=166488"},{"taxonomy":"post_tag","embeddable":true,"href":"https:\/\/www.europesays.com\/pt\/wp-json\/wp\/v2\/tags?post=166488"}],"curies":[{"name":"wp","href":"https:\/\/api.w.org\/{rel}","templated":true}]}}