{"id":166492,"date":"2025-11-27T00:35:19","date_gmt":"2025-11-27T00:35:19","guid":{"rendered":"https:\/\/www.europesays.com\/pt\/166492\/"},"modified":"2025-11-27T00:35:19","modified_gmt":"2025-11-27T00:35:19","slug":"rute-cardoso-viuva-de-diogo-jota-celebra-1-o-aniversario-da-filha-veja-como-esta-a-bebe","status":"publish","type":"post","link":"https:\/\/www.europesays.com\/pt\/166492\/","title":{"rendered":"Rute Cardoso, vi\u00fava de Diogo Jota, celebra 1.\u00ba anivers\u00e1rio da filha: veja como est\u00e1 a beb\u00e9!"},"content":{"rendered":"<p>Esta quarta-feira, dia 26, \u00e9 especialmente agridoce para <a href=\"https:\/\/selfie.iol.pt\/famosos\/diogo-jota\/foto-inedita-em-lugar-unico-rute-cardoso-viuva-de-diogo-jota-destaca-importante-conquista\/20251118\/691c6969d34e3caad84b695d\" target=\"_blank\" rel=\"nofollow noopener\">Rute Cardoso<\/a>, que celebra o primeiro anivers\u00e1rio da filha beb\u00e9, Mafalda. Uma data que n\u00e3o deixa de ser nost\u00e1lgica, devido ao falecimento de <a href=\"https:\/\/selfie.iol.pt\/famosos\/diogo-jota\/homenagem-a-diogo-jota-e-andre-silva-marcada-por-erro-crasso\/20251123\/6922f87ad34e2bd5c6d44fa3\" target=\"_blank\" rel=\"nofollow noopener\">Diogo Jota<\/a>, no passado m\u00eas de julho e na sequ\u00eancia de um acidente de via\u00e7\u00e3o.<\/p>\n<p>No Instagram, a vi\u00fava do futebolista fez quest\u00e3o de assinalar a data especial. &#8220;Um ano inteiro&#8221;, assinalou, apenas, Rute Cardoso na legenda de uma s\u00e9rie de imagens que resume este primeiro ano de vida de Mafalda. Em muitos registos, pode ver-se a cumplicidade entre pai e filha.<\/p>\n<p>Na caixa de coment\u00e1rios da publica\u00e7\u00e3o, multiplicaram-se as mensagens de parab\u00e9ns e tamb\u00e9m as palavras de for\u00e7a a Rute Cardoso neste momento mais dif\u00edcil.<\/p>\n<p>Recorde-se que Rute Cardoso e Diogo Jota t\u00eam mais dois filhos: Dinis e Duarte, de quatro e dois anos, respetivamente.<\/p>\n<p>Veja, agora, a imagem partilhada por Rute Cardoso na galeria de fotografias que prepar\u00e1mos para si.<\/p>\n","protected":false},"excerpt":{"rendered":"Esta quarta-feira, dia 26, \u00e9 especialmente agridoce para Rute Cardoso, que celebra o primeiro anivers\u00e1rio da filha beb\u00e9,&hellip;\n","protected":false},"author":2,"featured_media":166493,"comment_status":"","ping_status":"","sticky":false,"template":"","format":"standard","meta":{"footnotes":""},"categories":[145],"tags":[996,211,210,1691,114,115,981,980,1870,1015,619,32,33,10175,1012],"class_list":{"0":"post-166492","1":"post","2":"type-post","3":"status-publish","4":"format-standard","5":"has-post-thumbnail","7":"category-celebridades","8":"tag-aniversario","9":"tag-celebridades","10":"tag-celebrities","11":"tag-diogo-jota","12":"tag-entertainment","13":"tag-entretenimento","14":"tag-familia","15":"tag-famosos","16":"tag-filhos","17":"tag-instagram","18":"tag-nacional","19":"tag-portugal","20":"tag-pt","21":"tag-rute-cardoso","22":"tag-selfie"},"share_on_mastodon":{"url":"https:\/\/pubeurope.com\/@pt\/115618861870155601","error":""},"_links":{"self":[{"href":"https:\/\/www.europesays.com\/pt\/wp-json\/wp\/v2\/posts\/166492","targetHints":{"allow":["GET"]}}],"collection":[{"href":"https:\/\/www.europesays.com\/pt\/wp-json\/wp\/v2\/posts"}],"about":[{"href":"https:\/\/www.europesays.com\/pt\/wp-json\/wp\/v2\/types\/post"}],"author":[{"embeddable":true,"href":"https:\/\/www.europesays.com\/pt\/wp-json\/wp\/v2\/users\/2"}],"replies":[{"embeddable":true,"href":"https:\/\/www.europesays.com\/pt\/wp-json\/wp\/v2\/comments?post=166492"}],"version-history":[{"count":0,"href":"https:\/\/www.europesays.com\/pt\/wp-json\/wp\/v2\/posts\/166492\/revisions"}],"wp:featuredmedia":[{"embeddable":true,"href":"https:\/\/www.europesays.com\/pt\/wp-json\/wp\/v2\/media\/166493"}],"wp:attachment":[{"href":"https:\/\/www.europesays.com\/pt\/wp-json\/wp\/v2\/media?parent=166492"}],"wp:term":[{"taxonomy":"category","embeddable":true,"href":"https:\/\/www.europesays.com\/pt\/wp-json\/wp\/v2\/categories?post=166492"},{"taxonomy":"post_tag","embeddable":true,"href":"https:\/\/www.europesays.com\/pt\/wp-json\/wp\/v2\/tags?post=166492"}],"curies":[{"name":"wp","href":"https:\/\/api.w.org\/{rel}","templated":true}]}}