{"id":166498,"date":"2025-11-27T00:41:08","date_gmt":"2025-11-27T00:41:08","guid":{"rendered":"https:\/\/www.europesays.com\/pt\/166498\/"},"modified":"2025-11-27T00:41:08","modified_gmt":"2025-11-27T00:41:08","slug":"poquer-de-mbappe-hat-trick-de-vitinha-e-um-david-luiz-vintage-na-champions-futebol-internacional","status":"publish","type":"post","link":"https:\/\/www.europesays.com\/pt\/166498\/","title":{"rendered":"\u201cP\u00f3quer\u201d de Mbapp\u00e9, hat-trick de Vitinha e um David Luiz \u201cvintage\u201d na Champions | Futebol internacional"},"content":{"rendered":"<p>A segunda sess\u00e3o da quinta ronda da Liga dos Campe\u00f5es isolou, esta quarta-feira, o Arsenal na lideran\u00e7a, com os \u201cgunners\u201d a passarem a ser a \u00fanica equipa com um registo cem por cento vitorioso, sublinhado pelo triunfo claro sobre o Bayern Munique (3-1), que, por seu lado, baixou ao terceiro lugar.<\/p>\n<p>Para al\u00e9m do Inter, os b\u00e1varos passam a ter a companhia de PSG e Real Madrid, formando um quarteto de \u201cvices\u201d, com os milaneses a sa\u00edrem derrotados (2-1) de Madrid, em jogo decidido a favor do Atl\u00e9tico por Jos\u00e9 Maria Gim\u00e9nez, aos 90+3\u2019.<\/p>\n<p>A contrastar com o sucesso do Arsenal, tivemos o descalabro do Liverpool, derrotado em Anfield (1-4) pelo PSV Eindhoven. Na Champions, os \u201creds\u201d at\u00e9 vinham de um triunfo caseiro sobre o Real Madrid, o mais recente de tr\u00eas conseguidos nos \u00faltimos 12 jogos (para todas as competi\u00e7\u00f5es), desde final de Setembro. Um pesadelo sem fim para Arne Slot, apesar do 13.\u00ba lugar na competi\u00e7\u00e3o europeia.<\/p>\n<p>Mas o dia teve outros destaques, essencialmente individuais, com Mbapp\u00e9 a assinar um \u201cp\u00f3quer\u201d no triunfo (3-4) sobre o Olympiacos, na Gr\u00e9cia, e a assumir a lideran\u00e7a dos melhores marcadores, com 9 golos.<\/p>\n<p>        &#13;<\/p>\n<blockquote class=\"twitter-tweet\" data-media-max-width=\"560\">\n<p lang=\"pt\" dir=\"ltr\">Mas o que \u00e9 que o Mbapp\u00e9 comeu ao pequeno-almo\u00e7o? ??<\/p>\n<p>?? <a href=\"https:\/\/twitter.com\/ChampionsLeague?ref_src=twsrc%5Etfw\" rel=\"nofollow noopener\" target=\"_blank\">@ChampionsLeague<\/a> | <a href=\"https:\/\/twitter.com\/olympiacosfc?ref_src=twsrc%5Etfw\" rel=\"nofollow noopener\" target=\"_blank\">@olympiacosfc<\/a> 2 x 4 <a href=\"https:\/\/twitter.com\/realmadrid?ref_src=twsrc%5Etfw\" rel=\"nofollow noopener\" target=\"_blank\">@realmadrid<\/a><br \/>Nesta DAZN Black Friday, temos grandes jogos ??????\u00b4?????? para veres. Regista-te e aproveita em ?? <a href=\"https:\/\/t.co\/APTKI0EKmb\" rel=\"nofollow\">https:\/\/t.co\/APTKI0EKmb<\/a><a href=\"https:\/\/twitter.com\/hashtag\/DAZNChampions?src=hash&amp;ref_src=twsrc%5Etfw\" rel=\"nofollow noopener\" target=\"_blank\">#DAZNChampions<\/a> <a href=\"https:\/\/twitter.com\/hashtag\/DAZNBetano?src=hash&amp;ref_src=twsrc%5Etfw\" rel=\"nofollow noopener\" target=\"_blank\">#DAZNBetano<\/a> <a href=\"https:\/\/t.co\/vWnff9RyCT\" rel=\"nofollow\">pic.twitter.com\/vWnff9RyCT<\/a><\/p>\n<p>\u2014 DAZN Portugal (@DAZNPortugal) <a href=\"https:\/\/twitter.com\/DAZNPortugal\/status\/1993794986567983458?ref_src=twsrc%5Etfw\" rel=\"nofollow noopener\" target=\"_blank\">November 26, 2025<\/a><\/p><\/blockquote>\n<p> &#13;<\/p>\n<p>O portugu\u00eas ex-Benfica Chiquinho abriu as hostilidades (8\u2019), mas o franc\u00eas arrasou com tr\u00eas golos em sete minutos (22, 24, 29\u2019) para fechar a conta aos 59\u2019. Taremi (52\u2019) e El Kaabi (81\u2019) ainda criaram a d\u00favida, mas Mbapp\u00e9 j\u00e1 tinha decidido tudo, levando os \u201cmerengues\u201d ao 5.\u00ba lugar, \u00e0 frente do Borussia Dortmund.<\/p>\n<p>        &#13;<\/p>\n<blockquote class=\"twitter-tweet\" data-media-max-width=\"560\">\n<p lang=\"pt\" dir=\"ltr\">O Maestro de sempre: VITINHA ??<\/p>\n<p>?? <a href=\"https:\/\/twitter.com\/ChampionsLeague?ref_src=twsrc%5Etfw\" rel=\"nofollow noopener\" target=\"_blank\">@ChampionsLeague<\/a> | <a href=\"https:\/\/twitter.com\/PSG_inside?ref_src=twsrc%5Etfw\" rel=\"nofollow noopener\" target=\"_blank\">@PSG_inside<\/a> 1 x 1 <a href=\"https:\/\/twitter.com\/SpursOfficial?ref_src=twsrc%5Etfw\" rel=\"nofollow noopener\" target=\"_blank\">@SpursOfficial<\/a><br \/>Nesta DAZN Black Friday, temos grandes jogos ??????\u00b4?????? para veres. Regista-te e aproveita em ?? <a href=\"https:\/\/t.co\/APTKI0EKmb\" rel=\"nofollow\">https:\/\/t.co\/APTKI0EKmb<\/a><a href=\"https:\/\/twitter.com\/hashtag\/DAZNChampions?src=hash&amp;ref_src=twsrc%5Etfw\" rel=\"nofollow noopener\" target=\"_blank\">#DAZNChampions<\/a> <a href=\"https:\/\/twitter.com\/hashtag\/DAZNBetano?src=hash&amp;ref_src=twsrc%5Etfw\" rel=\"nofollow noopener\" target=\"_blank\">#DAZNBetano<\/a> <a href=\"https:\/\/t.co\/XtY0NywDcj\" rel=\"nofollow\">pic.twitter.com\/XtY0NywDcj<\/a><\/p>\n<p>\u2014 DAZN Portugal (@DAZNPortugal) <a href=\"https:\/\/twitter.com\/DAZNPortugal\/status\/1993785312380612714?ref_src=twsrc%5Etfw\" rel=\"nofollow noopener\" target=\"_blank\">November 26, 2025<\/a><\/p><\/blockquote>\n<p> &#13;<\/p>\n<p>Do grupo das equipas com 12 pontos, os parisienses recuperaram do <a href=\"https:\/\/www.publico.pt\/2025\/11\/04\/desporto\/noticia\/luis-diaz-heroi-bayern-vilao-psg-2153397\" rel=\"nofollow noopener\" target=\"_blank\">desaire com o Bayern<\/a>, ascendendo ao 2.\u00ba lugar, gra\u00e7as a Vitinha, que assinou o primeiro hat-trick na Champions, onde, em cinco \u00e9pocas, tinha marcado cinco golos. Uma noite de sonho frente ao Tottenham (5-3). Os ingleses at\u00e9 estiverem em vantagem por duas vezes, mas Vitinha, Fabi\u00e1n Ru\u00edz (com assist\u00eancia de Jo\u00e3o Neves) e Willian Pacho deram a volta.<\/p>\n<p>        &#13;<\/p>\n<blockquote class=\"twitter-tweet\" data-media-max-width=\"560\">\n<p lang=\"pt\" dir=\"ltr\">Que canto, que cabe\u00e7ada ?? David Luiz<\/p>\n<p>?? <a href=\"https:\/\/twitter.com\/ChampionsLeague?ref_src=twsrc%5Etfw\" rel=\"nofollow noopener\" target=\"_blank\">@ChampionsLeague<\/a> | <a href=\"https:\/\/twitter.com\/pafosfcofficial?ref_src=twsrc%5Etfw\" rel=\"nofollow noopener\" target=\"_blank\">@pafosfcofficial<\/a> 1 x 1 <a href=\"https:\/\/twitter.com\/AS_Monaco?ref_src=twsrc%5Etfw\" rel=\"nofollow noopener\" target=\"_blank\">@AS_Monaco<\/a><br \/>Nesta DAZN Black Friday, temos grandes jogos ??????\u00b4?????? para veres. Regista-te e aproveita em ?? <a href=\"https:\/\/t.co\/APTKI0EKmb\" rel=\"nofollow\">https:\/\/t.co\/APTKI0EKmb<\/a><a href=\"https:\/\/twitter.com\/hashtag\/DAZNChampions?src=hash&amp;ref_src=twsrc%5Etfw\" rel=\"nofollow noopener\" target=\"_blank\">#DAZNChampions<\/a> <a href=\"https:\/\/twitter.com\/hashtag\/DAZNSolverde?src=hash&amp;ref_src=twsrc%5Etfw\" rel=\"nofollow noopener\" target=\"_blank\">#DAZNSolverde<\/a> <a href=\"https:\/\/t.co\/RKdP3qFXTj\" rel=\"nofollow\">pic.twitter.com\/RKdP3qFXTj<\/a><\/p>\n<p>\u2014 DAZN Portugal (@DAZNPortugal) <a href=\"https:\/\/twitter.com\/DAZNPortugal\/status\/1993744154593993036?ref_src=twsrc%5Etfw\" rel=\"nofollow noopener\" target=\"_blank\">November 26, 2025<\/a><\/p><\/blockquote>\n<p> &#13;<\/p>\n<p>Antes da entrada em cena dos \u201ctubar\u00f5es\u201d, o final de tarde ofereceu um momento marcante a David Luiz, internacional brasileiro ex-Benfica, PSG, Chelsea, Arsenal e Flamengo, actualmente ao servi\u00e7o do Pafos, do Chipre. Aos 38 anos, o defesa-central tornou-se no segundo jogador mais velho a marcar na prova milion\u00e1ria, a seguir a Pepe, que deixou a fasquia nos 40 anos.<\/p>\n<p>David Luiz n\u00e3o marcava na Liga dos Campe\u00f5es h\u00e1 oito anos, desde um Chelsea-Roma (3-3), voltando agora a fazer a diferen\u00e7a, num bom cabeceamento, no empate (2-2) frente ao M\u00f3naco.<\/p>\n<p>            <script async src=\"https:\/\/platform.twitter.com\/widgets.js\" charset=\"utf-8\"><\/script><\/p>\n","protected":false},"excerpt":{"rendered":"A segunda sess\u00e3o da quinta ronda da Liga dos Campe\u00f5es isolou, esta quarta-feira, o Arsenal na lideran\u00e7a, com&hellip;\n","protected":false},"author":2,"featured_media":166499,"comment_status":"","ping_status":"","sticky":false,"template":"","format":"standard","meta":{"footnotes":""},"categories":[87],"tags":[707,135,138,23673,1003,960,32,1758,33,2007,134,7331],"class_list":{"0":"post-166498","1":"post","2":"type-post","3":"status-publish","4":"format-standard","5":"has-post-thumbnail","7":"category-desporto","8":"tag-arsenal","9":"tag-desporto","10":"tag-futebol-internacional","11":"tag-kylian-mbappe","12":"tag-liga-dos-campeoes","13":"tag-liverpool","14":"tag-portugal","15":"tag-psg","16":"tag-pt","17":"tag-real-madrid","18":"tag-sports","19":"tag-vitinha"},"share_on_mastodon":{"url":"https:\/\/pubeurope.com\/@pt\/115618885330546750","error":""},"_links":{"self":[{"href":"https:\/\/www.europesays.com\/pt\/wp-json\/wp\/v2\/posts\/166498","targetHints":{"allow":["GET"]}}],"collection":[{"href":"https:\/\/www.europesays.com\/pt\/wp-json\/wp\/v2\/posts"}],"about":[{"href":"https:\/\/www.europesays.com\/pt\/wp-json\/wp\/v2\/types\/post"}],"author":[{"embeddable":true,"href":"https:\/\/www.europesays.com\/pt\/wp-json\/wp\/v2\/users\/2"}],"replies":[{"embeddable":true,"href":"https:\/\/www.europesays.com\/pt\/wp-json\/wp\/v2\/comments?post=166498"}],"version-history":[{"count":0,"href":"https:\/\/www.europesays.com\/pt\/wp-json\/wp\/v2\/posts\/166498\/revisions"}],"wp:featuredmedia":[{"embeddable":true,"href":"https:\/\/www.europesays.com\/pt\/wp-json\/wp\/v2\/media\/166499"}],"wp:attachment":[{"href":"https:\/\/www.europesays.com\/pt\/wp-json\/wp\/v2\/media?parent=166498"}],"wp:term":[{"taxonomy":"category","embeddable":true,"href":"https:\/\/www.europesays.com\/pt\/wp-json\/wp\/v2\/categories?post=166498"},{"taxonomy":"post_tag","embeddable":true,"href":"https:\/\/www.europesays.com\/pt\/wp-json\/wp\/v2\/tags?post=166498"}],"curies":[{"name":"wp","href":"https:\/\/api.w.org\/{rel}","templated":true}]}}