{"id":166534,"date":"2025-11-27T01:29:12","date_gmt":"2025-11-27T01:29:12","guid":{"rendered":"https:\/\/www.europesays.com\/pt\/166534\/"},"modified":"2025-11-27T01:29:12","modified_gmt":"2025-11-27T01:29:12","slug":"supremo-frances-confirma-condenacao-de-ex-presidente-nicolas-sarkozy","status":"publish","type":"post","link":"https:\/\/www.europesays.com\/pt\/166534\/","title":{"rendered":"Supremo franc\u00eas confirma condena\u00e7\u00e3o de ex-presidente Nicolas Sarkozy"},"content":{"rendered":"<p data-remotead-prev-elm=\"true\" data-remotead-elm-id=\"inread\">Sarkozy tinha sido condenado pelo Tribunal de Apela\u00e7\u00e3o de Paris em 14 de fevereiro de 2024 a um ano de pris\u00e3o, em que seis meses da pena seriam cumpridos em pris\u00e3o efetiva.<\/p>\n<p>Agora, o Tribunal de Cassa\u00e7\u00e3o, a mais alta inst\u00e2ncia judicial francesa, equivalente ao Supremo tribunal, determinou medidas alternativas para o cumprimento da pena: monitoriza\u00e7\u00e3o com pulseira eletr\u00f3nica, ou regime de restri\u00e7\u00e3o parcial de liberdade, de acordo com a ag\u00eancia de not\u00edcias France-Presse.<\/p>\n<p>O Supremo franc\u00eas analisou o recurso apresentado ap\u00f3s a condena\u00e7\u00e3o pelo tribunal inferior, o que significa que a defesa do pol\u00edtico conservador n\u00e3o poder\u00e1 apresentar mais recursos e que a condena\u00e7\u00e3o \u00e9 definitiva.<\/p>\n<p data-remotead-prev-elm=\"true\" data-remotead-elm-id=\"centro1\">O tribunal definiu na sua senten\u00e7a que &#8220;o candidato, o seu diretor de campanha e os dois diretores do partido pol\u00edtico que o apoiou s\u00e3o, portanto, definitivamente condenados&#8221;, segundo um comunicado de imprensa do tribunal citado pelo jornal franc\u00eas Le Monde.<\/p>\n<p>Tanto na primeira inst\u00e2ncia como no recurso, Nicolas Sarkozy &#8220;negou vigorosamente qualquer responsabilidade penal&#8221;, denunciando &#8220;f\u00e1bulas e mentiras&#8221; na acusa\u00e7\u00e3o.<\/p>\n<p>As investiga\u00e7\u00f5es revelaram que, para encobrir a explos\u00e3o das despesas da sua campanha &#8211; quase 43 milh\u00f5es de euros quando o limite autorizado era de 22,5 milh\u00f5es &#8211; foi implementado um sistema de fatura\u00e7\u00e3o dupla no seio da UMP (antigo nome do partido conservador de Sarkozy, atualmente chamado Republicanos).<\/p>\n<p data-remotead-prev-elm=\"true\" data-remotead-elm-id=\"centro2\">Em dezembro de 2024, o Tribunal de Cassa\u00e7\u00e3o j\u00e1 tinha confirmado outra condena\u00e7\u00e3o de Sarkozy a um ano de pris\u00e3o efetiva com pulseira eletr\u00f3nica, por corrup\u00e7\u00e3o e tr\u00e1fico de influ\u00eancias no chamado caso das escutas.<\/p>\n<p>O antigo l\u00edder da direita, hoje com 70 anos, usou a pulseira entre fevereiro e maio, tendo depois obtido liberdade condicional a meio da pena, nomeadamente devido \u00e0 idade.<\/p>\n<p>O antigo l\u00edder da direita francesa prepara-se para o julgamento de recurso de outro caso relacionado com a L\u00edbia, previsto para 16 de mar\u00e7o a 3 de junho, no qual foi condenado em primeira inst\u00e2ncia a cinco anos de pris\u00e3o e a 20 dias de pris\u00e3o.<\/p>\n<p data-remotead-prev-elm=\"true\" data-remotead-elm-id=\"centro3\">O antigo Presidente foi condenado em 25 de setembro e considerado culpado, entre outras coisas, de conspira\u00e7\u00e3o por permitir conscientemente que os seus colaboradores se aproximassem da L\u00edbia &#8211; liderada na altura pelo ditador Muammar Kadhafi &#8211; para pedir um financiamento secreto para a sua campanha presidencial de 2007.<\/p>\n<p>Nicolas Sarkozy esteve preso durante tr\u00eas semanas e garante que est\u00e1 inocente neste caso.<\/p>\n<p>O advogado e pol\u00edtico conservador foi Presidente da Fran\u00e7a entre 2007 e 2012, tendo sido derrotado quando concorreu a um segundo mandato pelo socialista Fran\u00e7ois Hollande, que lhe sucedeu na presid\u00eancia.<\/p>\n<p data-remotead-prev-elm=\"true\" data-remotead-elm-id=\"centro4\">Um tribunal franc\u00eas aprovou o pedido de liberta\u00e7\u00e3o de Sarkozy, mas imp\u00f4s v\u00e1rias restri\u00e7\u00f5es, incluindo a proibi\u00e7\u00e3o de deixar o pa\u00eds e de contactar pessoas envolvidas no processo, entre elas o ministro da Justi\u00e7a franc\u00eas, G\u00e9rald Darmanin, que o visitou na pris\u00e3o em 29 de outubro.<\/p>\n<p>A acusa\u00e7\u00e3o apoiou a liberta\u00e7\u00e3o sob estas condi\u00e7\u00f5es, depois de a defesa ter recorrido da senten\u00e7a.<\/p>\n<p>Sarkozy foi detido a 21 de outubro, tornando-se o primeiro ex-Presidente franc\u00eas a ser preso. O antigo chefe de Estado alegou que est\u00e1 ser v\u00edtima de um &#8220;esc\u00e2ndalo judicial que humilhou&#8221; a Fran\u00e7a, mantendo desde o in\u00edcio ser alvo de uma persegui\u00e7\u00e3o pol\u00edtica.<\/p>\n","protected":false},"excerpt":{"rendered":"Sarkozy tinha sido condenado pelo Tribunal de Apela\u00e7\u00e3o de Paris em 14 de fevereiro de 2024 a um&hellip;\n","protected":false},"author":2,"featured_media":166535,"comment_status":"","ping_status":"","sticky":false,"template":"","format":"standard","meta":{"footnotes":""},"categories":[50],"tags":[27,28,8286,15,16,208,14,25,26,21,22,62,12,21757,13,19,20,23,24,17,18,29,30,31,63,64,65],"class_list":{"0":"post-166534","1":"post","2":"type-post","3":"status-publish","4":"format-standard","5":"has-post-thumbnail","7":"category-mundo","8":"tag-breaking-news","9":"tag-breakingnews","10":"tag-condenacao","11":"tag-featured-news","12":"tag-featurednews","13":"tag-franca","14":"tag-headlines","15":"tag-latest-news","16":"tag-latestnews","17":"tag-main-news","18":"tag-mainnews","19":"tag-mundo","20":"tag-news","21":"tag-nicolas-sarkozy","22":"tag-noticias","23":"tag-noticias-principais","24":"tag-noticiasprincipais","25":"tag-principais-noticias","26":"tag-principaisnoticias","27":"tag-top-stories","28":"tag-topstories","29":"tag-ultimas","30":"tag-ultimas-noticias","31":"tag-ultimasnoticias","32":"tag-world","33":"tag-world-news","34":"tag-worldnews"},"share_on_mastodon":{"url":"https:\/\/pubeurope.com\/@pt\/115619074105639287","error":""},"_links":{"self":[{"href":"https:\/\/www.europesays.com\/pt\/wp-json\/wp\/v2\/posts\/166534","targetHints":{"allow":["GET"]}}],"collection":[{"href":"https:\/\/www.europesays.com\/pt\/wp-json\/wp\/v2\/posts"}],"about":[{"href":"https:\/\/www.europesays.com\/pt\/wp-json\/wp\/v2\/types\/post"}],"author":[{"embeddable":true,"href":"https:\/\/www.europesays.com\/pt\/wp-json\/wp\/v2\/users\/2"}],"replies":[{"embeddable":true,"href":"https:\/\/www.europesays.com\/pt\/wp-json\/wp\/v2\/comments?post=166534"}],"version-history":[{"count":0,"href":"https:\/\/www.europesays.com\/pt\/wp-json\/wp\/v2\/posts\/166534\/revisions"}],"wp:featuredmedia":[{"embeddable":true,"href":"https:\/\/www.europesays.com\/pt\/wp-json\/wp\/v2\/media\/166535"}],"wp:attachment":[{"href":"https:\/\/www.europesays.com\/pt\/wp-json\/wp\/v2\/media?parent=166534"}],"wp:term":[{"taxonomy":"category","embeddable":true,"href":"https:\/\/www.europesays.com\/pt\/wp-json\/wp\/v2\/categories?post=166534"},{"taxonomy":"post_tag","embeddable":true,"href":"https:\/\/www.europesays.com\/pt\/wp-json\/wp\/v2\/tags?post=166534"}],"curies":[{"name":"wp","href":"https:\/\/api.w.org\/{rel}","templated":true}]}}