{"id":166542,"date":"2025-11-27T01:39:09","date_gmt":"2025-11-27T01:39:09","guid":{"rendered":"https:\/\/www.europesays.com\/pt\/166542\/"},"modified":"2025-11-27T01:39:09","modified_gmt":"2025-11-27T01:39:09","slug":"o-sporting-e-uma-equipa-muito-boa","status":"publish","type":"post","link":"https:\/\/www.europesays.com\/pt\/166542\/","title":{"rendered":"\u00abO Sporting \u00e9 uma equipa muito boa\u00bb"},"content":{"rendered":"<p>&#8211; Advertisement &#8211;<\/p>\n<p><strong>Nicky Hayen analisou o desfecho da quinta jornada da Champions League. O Sporting defrontou o Club Brugge no Est\u00e1dio de Alvalade. <\/strong><\/p>\n<p>Nicky Hayen fez a an\u00e1lise do duelo da quinta jornada da <a href=\"https:\/\/bolanarede.pt\/etiqueta\/champions-league\/\" target=\"_blank\" rel=\"noreferrer noopener nofollow\">Champions League<\/a> entre o Sporting e o Brugge. Jogo terminou com derrota belga por 3-0.<\/p>\n<p>\u00abAcho que o in\u00edcio da segunda parte foi o melhor, pression\u00e1mos bem, recuper\u00e1mos alto. Se dermos espa\u00e7o. e n\u00e3o defendemos bem, sofremos. n\u00e3o o fizemos bem na primeira parte e sofremos dois golos. Tivemos uma boa rea\u00e7\u00e3o, mas n\u00e3o foi boa o suficiente. O Sporting \u00e9 uma equipa muito boa, principalmente em casa\u00bb.<\/p>\n<p>\u00abEstado f\u00edsico de Nordin Jackers? Houve um contacto um impacto grande no peito. N\u00e3o respondeu bem no primeiro impacto. Depois sentiu-se melhor, mas preferimos chamar uma ambul\u00e2ncia, para fazer mais uns testes e garantir que estava bem\u00bb.<\/p>\n","protected":false},"excerpt":{"rendered":"&#8211; Advertisement &#8211; Nicky Hayen analisou o desfecho da quinta jornada da Champions League. O Sporting defrontou o&hellip;\n","protected":false},"author":2,"featured_media":166543,"comment_status":"","ping_status":"","sticky":false,"template":"","format":"standard","meta":{"footnotes":""},"categories":[87],"tags":[260,1230,11704,135,35112,32,33,34,134],"class_list":{"0":"post-166542","1":"post","2":"type-post","3":"status-publish","4":"format-standard","5":"has-post-thumbnail","7":"category-desporto","8":"tag-atualidade","9":"tag-champions-league","10":"tag-club-brugge","11":"tag-desporto","12":"tag-nicky-hayen","13":"tag-portugal","14":"tag-pt","15":"tag-sporting","16":"tag-sports"},"share_on_mastodon":{"url":"https:\/\/pubeurope.com\/@pt\/115619113405729681","error":""},"_links":{"self":[{"href":"https:\/\/www.europesays.com\/pt\/wp-json\/wp\/v2\/posts\/166542","targetHints":{"allow":["GET"]}}],"collection":[{"href":"https:\/\/www.europesays.com\/pt\/wp-json\/wp\/v2\/posts"}],"about":[{"href":"https:\/\/www.europesays.com\/pt\/wp-json\/wp\/v2\/types\/post"}],"author":[{"embeddable":true,"href":"https:\/\/www.europesays.com\/pt\/wp-json\/wp\/v2\/users\/2"}],"replies":[{"embeddable":true,"href":"https:\/\/www.europesays.com\/pt\/wp-json\/wp\/v2\/comments?post=166542"}],"version-history":[{"count":0,"href":"https:\/\/www.europesays.com\/pt\/wp-json\/wp\/v2\/posts\/166542\/revisions"}],"wp:featuredmedia":[{"embeddable":true,"href":"https:\/\/www.europesays.com\/pt\/wp-json\/wp\/v2\/media\/166543"}],"wp:attachment":[{"href":"https:\/\/www.europesays.com\/pt\/wp-json\/wp\/v2\/media?parent=166542"}],"wp:term":[{"taxonomy":"category","embeddable":true,"href":"https:\/\/www.europesays.com\/pt\/wp-json\/wp\/v2\/categories?post=166542"},{"taxonomy":"post_tag","embeddable":true,"href":"https:\/\/www.europesays.com\/pt\/wp-json\/wp\/v2\/tags?post=166542"}],"curies":[{"name":"wp","href":"https:\/\/api.w.org\/{rel}","templated":true}]}}