{"id":166584,"date":"2025-11-27T02:31:12","date_gmt":"2025-11-27T02:31:12","guid":{"rendered":"https:\/\/www.europesays.com\/pt\/166584\/"},"modified":"2025-11-27T02:31:12","modified_gmt":"2025-11-27T02:31:12","slug":"carol-peixinho-escolhe-biquini-branco-para-curtir-dia-de-sol-foto","status":"publish","type":"post","link":"https:\/\/www.europesays.com\/pt\/166584\/","title":{"rendered":"Carol Peixinho escolhe biqu\u00edni branco para curtir dia de sol; foto"},"content":{"rendered":"<p>A influenciadora digital <a href=\"https:\/\/caras.com.br\/tags\/carol-peixinho\" rel=\"nofollow noopener\" target=\"_blank\"><strong>Carol Peixinho<\/strong><\/a> aproveitou um tempo livre e o aumento das temperaturas em S\u00e3o Paulo nesta quarta-feira, 26, para tomar sol. Em uma publica\u00e7\u00e3o <a href=\"https:\/\/caras.com.br\/musica\/carol-peixinho-revela-cantinho-especial-com-fotos-do-filho-em-camarim-de-thiaguinho.phtml\" rel=\"nofollow noopener\" target=\"_blank\">nas redes sociais,<\/a> ela compartilhou com os f\u00e3s um registro do momento.<\/p>\n<p>Na imagem, ela mostrou que escolheu um biqu\u00edni em tons de branco e amarelo e um bon\u00e9 rosa com a palavra \u201coffline\u201d bordada na frente para aproveitar o momento de folga. Ela apareceu deitada sobre uma toalha colorida \u201cSP decidiu ser ver\u00e3o hoje\u2026 eu apoio e coloquei meu biqu\u00edni\u201d, disse ela na legenda.<\/p>\n<p>Vale lembrar que Carol \u00e9 m\u00e3e de\u00a0<a href=\"https:\/\/caras.com.br\/tags\/bento\" rel=\"nofollow noopener\" target=\"_blank\"><strong>Bento<\/strong><\/a>, de dois meses, de seu relacionamento com o cantor\u00a0<strong><a href=\"https:\/\/caras.com.br\/tags\/thiaguinho\" rel=\"nofollow noopener\" target=\"_blank\">Thiaguinho<\/a>. <\/strong>Recentemente, ela marcou presen\u00e7a em um evento do marido e mostrou que est\u00e1 recuperando sua forma aos poucos. <a href=\"https:\/\/caras.com.br\/atualidades\/com-estilo-carol-peixinho-exibe-seu-fisico-pos-gestacao-ao-acompanhar-thiaguinho-em-evento.phtml\" rel=\"nofollow noopener\" target=\"_blank\">Veja as fotos aqui!<\/a><\/p>\n<p> <img loading=\"lazy\" decoding=\"async\" class=\"size-full wp-image-1036307 img-fluid lazy\" alt=\"Carol Peixinho - Foto: Instagram @carolpeixinho\" width=\"800\" height=\"1421\" src=\"https:\/\/www.europesays.com\/pt\/wp-content\/uploads\/2025\/11\/carol-3.jpg\"  \/>Carol Peixinho \u2013 Foto: Instagram @carolpeixinho Carol Peixinho e Thiaguinho celebraram dois meses do filho <\/p>\n<p>Bento completou dois meses de vida na \u00faltima quarta-feira, 19, e ganhou uma festinha especial. Em uma publica\u00e7\u00e3o nas redes sociais, os papais mostraram que escolheram o tema de \u201cAmo Tet\u00ea\u201d. Nas imagens, o pequeno apareceu usando um macac\u00e3o de bezerro para combinar com a decora\u00e7\u00e3o escolhida e inspirada em seu amor pelo leite materno.<\/p>\n<p>\u201c2 meses do nosso pequeno grande amor! Cada descoberta, cada micro sorriso, cada respiro do Bento\u2026 Tudo renova o nosso f\u00f4lego de viver! A gente se olha e reconhece, num daqueles entendimentos que s\u00f3 o cora\u00e7\u00e3o traduz, que nada no mundo supera o milagre que virou a nossa fam\u00edlia. Sa\u00fade, Bento! Te amamos infinitamente, filho!\u201d,\u00a0disse Carol Peixinho.<\/p>\n<p>A ex-BBB tamb\u00e9m explicou a escolha do tema para o segundo mesvers\u00e1rio. \u201cE pra combinar com o tema de hoje\u2026 nosso bezerrinho segue firme, decidido e fiel ao maior amor da vida dele: o Tet\u00ea\u201d\u201d,\u00a0contou ela.<\/p>\n<p> Como a fam\u00edlia celebrou o primeiro mesvers\u00e1rio de Bento? <\/p>\n<p>J\u00e1 no fim de outubro, Thiaguinho e Carol Peixinho comemoraram o primeiro m\u00eas de vida do pequeno Bento com uma festa intimista em casa. A celebra\u00e7\u00e3o, marcada pelas cores laranja, preto e branco, reuniu familiares em um clima especial inspirado no Halloween.<\/p>\n<p>\u201cEntre travessuras e gostosuras, o abobrinha mais fofo do peda\u00e7o est\u00e1 fazendo 1 m\u00eas! Nosso primeiro mesvers\u00e1rio chegou no clima de Halloween em fam\u00edlia\u201d, disseram na legenda da publica\u00e7\u00e3o com as fotos.\u00a0<a href=\"https:\/\/caras.com.br\/bebe\/filho-de-thiaguinho-e-carol-peixinho-ganha-festa-de-mesversario-com-tema-de-halloween.phtml\" rel=\"nofollow noopener\" target=\"_blank\">Veja as fotos aqui!<\/a><\/p>\n<p><strong>Leia tamb\u00e9m<\/strong>:\u00a0<a href=\"https:\/\/caras.com.br\/bebe\/carol-peixinho-desabafa-sobre-perrengue-na-rotina-com-recem-nascido-ja-chorei.phtml\" rel=\"nofollow noopener\" target=\"_blank\">Carol Peixinho desabafa sobre perrengue na rotina com rec\u00e9m-nascido: \u2018J\u00e1 chorei\u2019<\/a><\/p>\n<blockquote class=\"instagram-media\" style=\"background: #FFF; border: 0; border-radius: 3px; box-shadow: 0 0 1px 0 rgba(0,0,0,0.5),0 1px 10px 0 rgba(0,0,0,0.15); margin: 1px; max-width: 540px; min-width: 326px; padding: 0; width: calc(100% - 2px);\" data-instgrm-captioned=\"\" data-instgrm-permalink=\"https:\/\/www.instagram.com\/p\/DRVy1dbjnGp\/?utm_source=ig_embed&amp;utm_campaign=loading\" data-instgrm-version=\"14\"><\/blockquote>\n<p>        <a href=\"https:\/\/caras.com.br\/autor\/juliana-dracz\" rel=\"nofollow noopener\" target=\"_blank\">&#13;<br \/>\n          <img loading=\"lazy\" decoding=\"async\" alt=\"Juliana Dracz\" src=\"https:\/\/www.europesays.com\/pt\/wp-content\/uploads\/2025\/09\/436551461_2434711450057729_5105646040807821088_n_sqmd.png\" class=\"avatar avatar-115 photo rounded-circle\" height=\"115\" width=\"115\"\/>        <\/a><\/p>\n<p>Juliana Dracz \u00e9 rep\u00f3rter de conte\u00fado do site CARAS. Formada em Jornalismo pela Universidade Cat\u00f3lica de Bras\u00edlia, ela j\u00e1 trabalhou em grandes sites de entretenimento. Atualmente, escreve sobre novelas, celebridades e TV.<\/p>\n<p>\t                                            <script async src=\"\/\/www.instagram.com\/embed.js\"><\/script><\/p>\n","protected":false},"excerpt":{"rendered":"A influenciadora digital Carol Peixinho aproveitou um tempo livre e o aumento das temperaturas em S\u00e3o Paulo nesta&hellip;\n","protected":false},"author":2,"featured_media":166585,"comment_status":"","ping_status":"","sticky":false,"template":"","format":"standard","meta":{"footnotes":""},"categories":[145],"tags":[20619,211,210,114,115,32,33],"class_list":{"0":"post-166584","1":"post","2":"type-post","3":"status-publish","4":"format-standard","5":"has-post-thumbnail","7":"category-celebridades","8":"tag-carol-peixinho","9":"tag-celebridades","10":"tag-celebrities","11":"tag-entertainment","12":"tag-entretenimento","13":"tag-portugal","14":"tag-pt"},"share_on_mastodon":{"url":"https:\/\/pubeurope.com\/@pt\/115619318053302327","error":""},"_links":{"self":[{"href":"https:\/\/www.europesays.com\/pt\/wp-json\/wp\/v2\/posts\/166584","targetHints":{"allow":["GET"]}}],"collection":[{"href":"https:\/\/www.europesays.com\/pt\/wp-json\/wp\/v2\/posts"}],"about":[{"href":"https:\/\/www.europesays.com\/pt\/wp-json\/wp\/v2\/types\/post"}],"author":[{"embeddable":true,"href":"https:\/\/www.europesays.com\/pt\/wp-json\/wp\/v2\/users\/2"}],"replies":[{"embeddable":true,"href":"https:\/\/www.europesays.com\/pt\/wp-json\/wp\/v2\/comments?post=166584"}],"version-history":[{"count":0,"href":"https:\/\/www.europesays.com\/pt\/wp-json\/wp\/v2\/posts\/166584\/revisions"}],"wp:featuredmedia":[{"embeddable":true,"href":"https:\/\/www.europesays.com\/pt\/wp-json\/wp\/v2\/media\/166585"}],"wp:attachment":[{"href":"https:\/\/www.europesays.com\/pt\/wp-json\/wp\/v2\/media?parent=166584"}],"wp:term":[{"taxonomy":"category","embeddable":true,"href":"https:\/\/www.europesays.com\/pt\/wp-json\/wp\/v2\/categories?post=166584"},{"taxonomy":"post_tag","embeddable":true,"href":"https:\/\/www.europesays.com\/pt\/wp-json\/wp\/v2\/tags?post=166584"}],"curies":[{"name":"wp","href":"https:\/\/api.w.org\/{rel}","templated":true}]}}